{"id":14788,"date":"2019-06-09T06:41:12","date_gmt":"2019-06-09T04:41:12","guid":{"rendered":"https:\/\/herzogtum-direkt.de\/?p=14788"},"modified":"2019-06-06T11:18:33","modified_gmt":"2019-06-06T09:18:33","slug":"tag-des-grundgesetzes-in-ratzeburg","status":"publish","type":"post","link":"https:\/\/herzogtum-direkt.de\/index.php\/2019\/06\/09\/tag-des-grundgesetzes-in-ratzeburg\/","title":{"rendered":"&#8218;Tag des Grundgesetzes&#8216; in Ratzeburg"},"content":{"rendered":"<p><strong>Ratzeburg (pm).<\/strong> Bereits zum zweiten Mal wurde in Ratzeburg der &#8222;Tag des Grundgesetzes&#8220; begangen und am 23. Mai mit einer \u00f6ffentlichen Wissensaktion an dessen Verk\u00fcndung vor nunmehr 70 Jahren erinnert. Der Verein &#8222;Politik zum Anfassen e.V&#8220; aus Hannover lud zu einem spielerischen Stationenprogramm, an dem zun\u00e4chst zahlreiche Sch\u00fcler in der Lauenburgischen Gelehrtenschule und nachfolgend auch viele B\u00fcrger vor dem MARKTKAUF-S\u00fcllau ihr Wissen zum Grundgesetz testen konnten.<\/p>\n<p>Dabei zeigte sich erfreulicherweise, dass Fragen zum Grundrechtskatalog von allen Teilnehmer*innen mit gro\u00dfer Sicherheit beantwortet werden konnten. Hingegen taten sich bei Fragestellungen zur &#8222;Ewigkeitsgarantie&#8220; oder zu den Beziehungen der staatlichen Ebenen doch die ein oder andere L\u00fccke auf, die allerdings schnell mit einem Blick in das &#8222;kleine Buch&#8220; geschlossen werden konnten. Die Reaktionen auf diesen &#8222;(Aktions-)Tag des Grundgesetze&#8220; waren durchweg positiv und f\u00fchrten insbesondere bei den Erwachsenen auch zu zahlreichen Diskussionen zum Grundgesetz, dass sich, so der einhellige Tenor, bis heute als Fundament der deutschen Demokratie bew\u00e4hrt habe. Allerdings wurde wiederkehrend auch auf die verpasste Chance verwiesen, im Zuge der Wiedervereinigung gem\u00e4\u00df Artikel 146 aus dem Grundgesetz eine gesamtdeutsche Verfassung zu entwickeln. Dass dabei das Grundgesetz wohl immer Vorbild gewesen w\u00e4re, wurde jedoch nie in Zweifel gezogen, da es doch alle grundlegenden staatlichen System- und Wertentscheidungen trifft und jedem einzelnen die gr\u00f6\u00dftm\u00f6gliche Freiheit f\u00fcr seine individuelle Lebensgestaltung einr\u00e4umt.<\/p>\n<figure id=\"attachment_14789\" aria-describedby=\"caption-attachment-14789\" style=\"width: 1000px\" class=\"wp-caption alignleft\"><a href=\"https:\/\/2021.herzogtum-direkt.de\/wp-content\/uploads\/2019\/06\/Tag-des-GG-02.jpg\"><img fetchpriority=\"high\" decoding=\"async\" class=\"size-full wp-image-14789\" src=\"https:\/\/2021.herzogtum-direkt.de\/wp-content\/uploads\/2019\/06\/Tag-des-GG-02.jpg\" alt=\"\" width=\"1000\" height=\"750\" srcset=\"https:\/\/herzogtum-direkt.de\/wp-content\/uploads\/2019\/06\/Tag-des-GG-02.jpg 1000w, https:\/\/herzogtum-direkt.de\/wp-content\/uploads\/2019\/06\/Tag-des-GG-02-300x225.jpg 300w, https:\/\/herzogtum-direkt.de\/wp-content\/uploads\/2019\/06\/Tag-des-GG-02-768x576.jpg 768w, https:\/\/herzogtum-direkt.de\/wp-content\/uploads\/2019\/06\/Tag-des-GG-02-80x60.jpg 80w, https:\/\/herzogtum-direkt.de\/wp-content\/uploads\/2019\/06\/Tag-des-GG-02-265x198.jpg 265w, https:\/\/herzogtum-direkt.de\/wp-content\/uploads\/2019\/06\/Tag-des-GG-02-696x522.jpg 696w, https:\/\/herzogtum-direkt.de\/wp-content\/uploads\/2019\/06\/Tag-des-GG-02-560x420.jpg 560w\" sizes=\"(max-width: 1000px) 100vw, 1000px\" \/><\/a><figcaption id=\"caption-attachment-14789\" class=\"wp-caption-text\">&#8222;(Aktions-)Tag des Grundgesetzes&#8220; in der Lauenburgischen Gelehrtenschule f\u00fchrte zu gro\u00dfem Andrang an den Wissensstationen. Foto: hfr<\/figcaption><\/figure>\n<p>Der &#8222;(Aktions)Tag des Grundgesetzes&#8220; w\u00fcrde auf Initiative des Vereins Miteinander leben e.V. und mit Unterst\u00fctzung der Partnerschaft f\u00fcr Demokratie der Stadt Ratzeburg und des Amtes Lauenburgische Seen durchgef\u00fchrt.<\/p>\n","protected":false},"excerpt":{"rendered":"<p>Ratzeburg (pm). Bereits zum zweiten Mal wurde in Ratzeburg der &#8222;Tag des Grundgesetzes&#8220; begangen und am 23. Mai mit einer \u00f6ffentlichen Wissensaktion an dessen Verk\u00fcndung vor nunmehr 70 Jahren erinnert. Der Verein &#8222;Politik zum Anfassen e.V&#8220; aus Hannover lud zu einem spielerischen Stationenprogramm, an dem zun\u00e4chst zahlreiche Sch\u00fcler in der Lauenburgischen Gelehrtenschule und nachfolgend auch [&hellip;]<\/p>\n","protected":false},"author":2,"featured_media":14790,"comment_status":"open","ping_status":"closed","sticky":false,"template":"","format":"standard","meta":{"jnews-multi-image_gallery":[],"jnews_single_post":[],"jnews_primary_category":[],"jnews_social_meta":[],"jnews_override_counter":[],"jnews_post_split":[],"footnotes":""},"categories":[63,64],"tags":[2203],"class_list":["post-14788","post","type-post","status-publish","format-standard","has-post-thumbnail","hentry","category-herzogtum-lauenburg","category-ratzeburg","tag-tag-des-grundgesetzes"],"_links":{"self":[{"href":"https:\/\/herzogtum-direkt.de\/index.php\/wp-json\/wp\/v2\/posts\/14788","targetHints":{"allow":["GET"]}}],"collection":[{"href":"https:\/\/herzogtum-direkt.de\/index.php\/wp-json\/wp\/v2\/posts"}],"about":[{"href":"https:\/\/herzogtum-direkt.de\/index.php\/wp-json\/wp\/v2\/types\/post"}],"author":[{"embeddable":true,"href":"https:\/\/herzogtum-direkt.de\/index.php\/wp-json\/wp\/v2\/users\/2"}],"replies":[{"embeddable":true,"href":"https:\/\/herzogtum-direkt.de\/index.php\/wp-json\/wp\/v2\/comments?post=14788"}],"version-history":[{"count":1,"href":"https:\/\/herzogtum-direkt.de\/index.php\/wp-json\/wp\/v2\/posts\/14788\/revisions"}],"predecessor-version":[{"id":14791,"href":"https:\/\/herzogtum-direkt.de\/index.php\/wp-json\/wp\/v2\/posts\/14788\/revisions\/14791"}],"wp:featuredmedia":[{"embeddable":true,"href":"https:\/\/herzogtum-direkt.de\/index.php\/wp-json\/wp\/v2\/media\/14790"}],"wp:attachment":[{"href":"https:\/\/herzogtum-direkt.de\/index.php\/wp-json\/wp\/v2\/media?parent=14788"}],"wp:term":[{"taxonomy":"category","embeddable":true,"href":"https:\/\/herzogtum-direkt.de\/index.php\/wp-json\/wp\/v2\/categories?post=14788"},{"taxonomy":"post_tag","embeddable":true,"href":"https:\/\/herzogtum-direkt.de\/index.php\/wp-json\/wp\/v2\/tags?post=14788"}],"curies":[{"name":"wp","href":"https:\/\/api.w.org\/{rel}","templated":true}]}}