{"id":14562,"date":"2019-05-31T09:39:38","date_gmt":"2019-05-31T07:39:38","guid":{"rendered":"https:\/\/herzogtum-direkt.de\/?p=14562"},"modified":"2019-06-01T09:23:25","modified_gmt":"2019-06-01T07:23:25","slug":"friedhelm-michaelis-zum-ehrenbuerger-wie-auch-zum-ehrenbuergermeister-der-gemeinde-krummesse-ernannt","status":"publish","type":"post","link":"https:\/\/herzogtum-direkt.de\/index.php\/2019\/05\/31\/friedhelm-michaelis-zum-ehrenbuerger-wie-auch-zum-ehrenbuergermeister-der-gemeinde-krummesse-ernannt\/","title":{"rendered":"Friedhelm Michaelis zum Ehrenb\u00fcrger wie auch zum Ehrenb\u00fcrgermeister der Gemeinde Krummesse ernannt"},"content":{"rendered":"<p><strong>Krummesse (pm).<\/strong> Die Ernennung zum Ehren-B\u00fcrger ist die h\u00f6chste Auszeichnung, die von der Gemeindevertretung Krummesse vergeben wird. Jetzt wurde auch Friedhelm Michaelis mit dieser W\u00fcrde ausgezeichnet. Nach der Ehrensatzung der Gemeinde erhalten diese Auszeichnung nur Pers\u00f6nlichkeiten, die sich in herausragender Weise um das Wohl der Einwohner oder Ansehen des Ortes verdient gemacht haben.<\/p>\n<p>&#8222;Mit seinem kommunalpolitischen, auch mit seinem sozialen und kulturellen Engagement&#8220; hat Friedhelm Michaelis diese Auszeichnung mehr als verdient&#8220;, erl\u00e4uterte B\u00fcrgermeister Hans-Peter Fiebelkorn den Beschluss der Gemeindevertretung zur Auszeichnung, die anl\u00e4sslich der 825-Jahr-Feier am Himmelfahrtstag im voll besetzten Festzelt der Gemeinde vollzogen wurde.<\/p>\n<p>Gleichzeitig erhielt Friedhelm Michaelis eine weitere Auszeichnung. F\u00fcr sein kommunalpolitisches Wirken als B\u00fcrgermeister wurde er ebenfalls nach Beschluss der Gemeindevertretung zum Ehren-B\u00fcrgermeister ernannt. In seiner Laudatio verwies sein Amtsnachfolger &#8222;Pit&#8220; Fiebelkorn auf den politischen Lebenslauf von &#8222;Mr. Krummesse&#8220; wie Friedhelm Michaelis auch manchmal genannt wird. \u00dcber seinen Vater kam er in die Krummesser Gemeindevertretung. \u00dcber 34 Jahre war Friedhelm Michaelis Mitglied des obersten Entscheidungsorgans der Gemeinde, gleichzeitig war er viele Jahre auch stellvertretender B\u00fcrgermeister und Verbandsvorsteher des Schulverbandes, von 2004 bis 2016 dann B\u00fcrgermeister. Seit 2017 ist er Partnerschaftspr\u00e4sident in Krummesse.<\/p>\n<p>Pit Fiebelkorn w\u00fcrdigte das Engagement von Friedhelm Michaelis unter anderem mit den Worten: &#8222;Du bist ein Garant f\u00fcr Zuverl\u00e4ssigkeit und Best\u00e4ndigkeit&#8220;. Der Geehrte wusste im Vorfeld der Feierlichkeiten nichts von den bevorstehenden Auszeichnungen und war sichtlich ger\u00fchrt. Seinen Dank richtete er unter anderem an seine Familie sowie an seine politischen Freunde und Weggef\u00e4hrten.<\/p>\n","protected":false},"excerpt":{"rendered":"<p>Krummesse (pm). Die Ernennung zum Ehren-B\u00fcrger ist die h\u00f6chste Auszeichnung, die von der Gemeindevertretung Krummesse vergeben wird. Jetzt wurde auch Friedhelm Michaelis mit dieser W\u00fcrde ausgezeichnet. Nach der Ehrensatzung der Gemeinde erhalten diese Auszeichnung nur Pers\u00f6nlichkeiten, die sich in herausragender Weise um das Wohl der Einwohner oder Ansehen des Ortes verdient gemacht haben. &#8222;Mit seinem [&hellip;]<\/p>\n","protected":false},"author":2,"featured_media":14563,"comment_status":"open","ping_status":"closed","sticky":false,"template":"","format":"standard","meta":{"jnews-multi-image_gallery":[],"jnews_single_post":[],"jnews_primary_category":[],"jnews_social_meta":[],"jnews_override_counter":[],"jnews_post_split":[],"footnotes":""},"categories":[65,63,2],"tags":[2255,177],"class_list":["post-14562","post","type-post","status-publish","format-standard","has-post-thumbnail","hentry","category-amt-berkenthin","category-herzogtum-lauenburg","category-startseite","tag-friedhelm-michaelis","tag-krummesse"],"_links":{"self":[{"href":"https:\/\/herzogtum-direkt.de\/index.php\/wp-json\/wp\/v2\/posts\/14562","targetHints":{"allow":["GET"]}}],"collection":[{"href":"https:\/\/herzogtum-direkt.de\/index.php\/wp-json\/wp\/v2\/posts"}],"about":[{"href":"https:\/\/herzogtum-direkt.de\/index.php\/wp-json\/wp\/v2\/types\/post"}],"author":[{"embeddable":true,"href":"https:\/\/herzogtum-direkt.de\/index.php\/wp-json\/wp\/v2\/users\/2"}],"replies":[{"embeddable":true,"href":"https:\/\/herzogtum-direkt.de\/index.php\/wp-json\/wp\/v2\/comments?post=14562"}],"version-history":[{"count":2,"href":"https:\/\/herzogtum-direkt.de\/index.php\/wp-json\/wp\/v2\/posts\/14562\/revisions"}],"predecessor-version":[{"id":14600,"href":"https:\/\/herzogtum-direkt.de\/index.php\/wp-json\/wp\/v2\/posts\/14562\/revisions\/14600"}],"wp:featuredmedia":[{"embeddable":true,"href":"https:\/\/herzogtum-direkt.de\/index.php\/wp-json\/wp\/v2\/media\/14563"}],"wp:attachment":[{"href":"https:\/\/herzogtum-direkt.de\/index.php\/wp-json\/wp\/v2\/media?parent=14562"}],"wp:term":[{"taxonomy":"category","embeddable":true,"href":"https:\/\/herzogtum-direkt.de\/index.php\/wp-json\/wp\/v2\/categories?post=14562"},{"taxonomy":"post_tag","embeddable":true,"href":"https:\/\/herzogtum-direkt.de\/index.php\/wp-json\/wp\/v2\/tags?post=14562"}],"curies":[{"name":"wp","href":"https:\/\/api.w.org\/{rel}","templated":true}]}}