{"id":14367,"date":"2019-05-24T06:56:37","date_gmt":"2019-05-24T05:56:37","guid":{"rendered":"https:\/\/herzogtum-direkt.de\/?p=14367"},"modified":"2019-05-25T08:15:10","modified_gmt":"2019-05-25T06:15:10","slug":"moellns-mini-buch-fuer-mini-narren","status":"publish","type":"post","link":"https:\/\/herzogtum-direkt.de\/index.php\/2019\/05\/24\/moellns-mini-buch-fuer-mini-narren\/","title":{"rendered":"M\u00f6llns Mini-Buch f\u00fcr Mini-Narren"},"content":{"rendered":"<p><strong>M\u00f6lln (pm).<\/strong> 96 kleine Geschichten ranken sich um Till Eulenspiegel, den beliebten Volksnarren, der in M\u00f6lln seine letzten Lebensjahre verbracht haben soll. Wohl keine Stadt ist mit Till Eulenspiegel so verbunden wie M\u00f6lln. Nun hat das Tourismus- und Stadtmarketing M\u00f6lln die Geschichten um eine weitere Erz\u00e4hlung erg\u00e4nzt. Im Eigenverlag ist ein Mini-Buch f\u00fcr Kinder erschienen.<\/p>\n<p>In Zusammenarbeit mit dem Comic Zeichner Tobi Wagner und dem M\u00f6llner Eulenspiegeldarsteller Sven Kolb als Autor ist ein Mini-Buch mit viel Lokalkolorit entstanden. Der Titel des Buches \u201eEulenspiegels neue Streiche &#8211; Die Stadtseewette\u201c gibt bereits Hinweise auf den Inhalt, der in Anlehnung an Eulenspiegels Historien einen neuen Streich des Narren pr\u00e4sentiert. \u201eDass ich mir einen Streich auf den Leib schreiben konnte, hat mich nat\u00fcrlich besonders angespornt\u201c, freut sich Sven Kolb. Inhaltlich h\u00e4lt Eulenspiegel in seiner kleinen Geschichte den Protagonisten den Spiegel vor und nimmt sie aufs Korn.<\/p>\n<figure id=\"attachment_14371\" aria-describedby=\"caption-attachment-14371\" style=\"width: 1000px\" class=\"wp-caption alignright\"><a href=\"https:\/\/2021.herzogtum-direkt.de\/wp-content\/uploads\/2019\/05\/Till-Eulenspiegel.jpg\"><img fetchpriority=\"high\" decoding=\"async\" class=\"wp-image-14371 size-full\" src=\"https:\/\/2021.herzogtum-direkt.de\/wp-content\/uploads\/2019\/05\/Till-Eulenspiegel.jpg\" alt=\"\" width=\"1000\" height=\"667\" srcset=\"https:\/\/herzogtum-direkt.de\/wp-content\/uploads\/2019\/05\/Till-Eulenspiegel.jpg 1000w, https:\/\/herzogtum-direkt.de\/wp-content\/uploads\/2019\/05\/Till-Eulenspiegel-300x200.jpg 300w, https:\/\/herzogtum-direkt.de\/wp-content\/uploads\/2019\/05\/Till-Eulenspiegel-768x512.jpg 768w, https:\/\/herzogtum-direkt.de\/wp-content\/uploads\/2019\/05\/Till-Eulenspiegel-696x464.jpg 696w, https:\/\/herzogtum-direkt.de\/wp-content\/uploads\/2019\/05\/Till-Eulenspiegel-630x420.jpg 630w\" sizes=\"(max-width: 1000px) 100vw, 1000px\" \/><\/a><figcaption id=\"caption-attachment-14371\" class=\"wp-caption-text\">Till Eulenspiegel Darsteller Sven Kolb schrieb den neuesten Streich des M\u00f6llner Narren. Foto: photocompany \/ M\u00f6lln Tourismus<\/figcaption><\/figure>\n<p>Illustriert wurde die Geschichte von Tobi Wagner aus Sch\u00f6ppenstedt. Eine Stadt die ebenfalls mit der Figur von Eulenspiegel verwoben ist, denn hier soll er im Jahr 1300 geboren worden sein. Mit liebevollen Details gezeichnet, gibt es viel zu entdecken. So versteckt sich auf jeder Seite eine Eule, die gefunden werden m\u00f6chte.<\/p>\n<figure id=\"attachment_14369\" aria-describedby=\"caption-attachment-14369\" style=\"width: 300px\" class=\"wp-caption alignleft\"><a href=\"https:\/\/2021.herzogtum-direkt.de\/wp-content\/uploads\/2019\/05\/Tobi-Wagner-und-Till-1.jpg\"><img decoding=\"async\" class=\"size-medium wp-image-14369\" src=\"https:\/\/2021.herzogtum-direkt.de\/wp-content\/uploads\/2019\/05\/Tobi-Wagner-und-Till-1-300x200.jpg\" alt=\"\" width=\"300\" height=\"200\" srcset=\"https:\/\/herzogtum-direkt.de\/wp-content\/uploads\/2019\/05\/Tobi-Wagner-und-Till-1-300x200.jpg 300w, https:\/\/herzogtum-direkt.de\/wp-content\/uploads\/2019\/05\/Tobi-Wagner-und-Till-1-768x511.jpg 768w, https:\/\/herzogtum-direkt.de\/wp-content\/uploads\/2019\/05\/Tobi-Wagner-und-Till-1-696x464.jpg 696w, https:\/\/herzogtum-direkt.de\/wp-content\/uploads\/2019\/05\/Tobi-Wagner-und-Till-1-631x420.jpg 631w, https:\/\/herzogtum-direkt.de\/wp-content\/uploads\/2019\/05\/Tobi-Wagner-und-Till-1.jpg 1000w\" sizes=\"(max-width: 300px) 100vw, 300px\" \/><\/a><figcaption id=\"caption-attachment-14369\" class=\"wp-caption-text\">Tobi Wagner &#8211; Comiczeichner. Foto: Tobi Wagner<\/figcaption><\/figure>\n<p>\u201eIch bin mit Eulenspiegel aufgewachsen &#8211; sozusagen mit dem Schalk im Nacken. Immerhin komme ich aus der Ecke, in der Eulenspiegel geboren wurde. So liegt es nah, dass Till immer pr\u00e4sent war und ist. Dass man als Comiczeichner wie Eulenspiegel sch\u00f6n albern sein kann, kommt mir bei meiner zeichnerischen Arbeit sehr gelegen. Als die Frage kam, ob ich f\u00fcr die Eulenspiegelstadt M\u00f6lln etwas zeichnen k\u00f6nne, war meine Antwort nat\u00fcrlich klar. Neue Eulenspiegeleien hatte ich schon immer im Kopf. Dass Sven Kolb nun eine neue &#8222;Historie&#8220; schrieb und ich sie bebildern durfte, war eine gl\u00fcckliche F\u00fcgung. Zeichnerisch Till in die Jetztzeit an reale Orte zu holen, fand ich besonders reizvoll.\u201c, so Tobi Wagner.<\/p>\n<div class=\"brlbs-cmpnt-container brlbs-cmpnt-content-blocker brlbs-cmpnt-with-individual-styles\" data-borlabs-cookie-content-blocker-id=\"youtube-content-blocker\" data-borlabs-cookie-content=\"PGlmcmFtZSBzcmM9Imh0dHBzOi8vd3d3LnlvdXR1YmUtbm9jb29raWUuY29tL2VtYmVkL0M1aENMTUp0d013IiB3aWR0aD0iOTkwIiBoZWlnaHQ9IjU1NyIgZnJhbWVib3JkZXI9IjAiIGFsbG93ZnVsbHNjcmVlbj0iYWxsb3dmdWxsc2NyZWVuIj48L2lmcmFtZT4=\">\n<div class=\"brlbs-cmpnt-cb-preset-c brlbs-cmpnt-cb-youtube\">\n<div class=\"brlbs-cmpnt-cb-thumbnail\" style=\"background-image: url('https:\/\/herzogtum-direkt.de\/wp-content\/uploads\/borlabs-cookie\/1\/yt_C5hCLMJtwMw_hqdefault.jpg')\"><\/div>\n<div class=\"brlbs-cmpnt-cb-main\">\n<div class=\"brlbs-cmpnt-cb-play-button\"><\/div>\n<div class=\"brlbs-cmpnt-cb-content\">\n<p class=\"brlbs-cmpnt-cb-description\">Sie sehen gerade einen Platzhalterinhalt von <strong>YouTube<\/strong>. Um auf den eigentlichen Inhalt zuzugreifen, klicken Sie auf die Schaltfl\u00e4che unten. Bitte beachten Sie, dass dabei Daten an Drittanbieter weitergegeben werden.<\/p>\n<p> <a class=\"brlbs-cmpnt-cb-provider-toggle\" href=\"#\" data-borlabs-cookie-show-provider-information role=\"button\">Mehr Informationen<\/a> <\/div>\n<div class=\"brlbs-cmpnt-cb-buttons\"> <a class=\"brlbs-cmpnt-cb-btn\" href=\"#\" data-borlabs-cookie-unblock role=\"button\">Inhalt entsperren<\/a> <a class=\"brlbs-cmpnt-cb-btn\" href=\"#\" data-borlabs-cookie-accept-service role=\"button\" style=\"display: inherit\">Erforderlichen Service akzeptieren und Inhalte entsperren<\/a> <\/div><\/div><\/div>\n<\/div>\n<p>\u201eEulenspiegel wird in M\u00f6lln seit 1908 von unterschiedlichen Darstellern pr\u00e4sentiert. Seit \u00fcber 50 Jahren ist ein \u201ehauptamtlicher Narr\u201c beim Tourismus- und Stadtmarketing M\u00f6lln angestellt. Die Figur ist M\u00f6llner Sympathietr\u00e4ger und in<\/p>\n<figure id=\"attachment_14370\" aria-describedby=\"caption-attachment-14370\" style=\"width: 300px\" class=\"wp-caption alignright\"><a href=\"https:\/\/2021.herzogtum-direkt.de\/wp-content\/uploads\/2019\/05\/Minibuch-Stadtseewette-titel.jpg\"><img decoding=\"async\" class=\"size-medium wp-image-14370\" src=\"https:\/\/2021.herzogtum-direkt.de\/wp-content\/uploads\/2019\/05\/Minibuch-Stadtseewette-titel-300x300.jpg\" alt=\"\" width=\"300\" height=\"300\" srcset=\"https:\/\/herzogtum-direkt.de\/wp-content\/uploads\/2019\/05\/Minibuch-Stadtseewette-titel-300x300.jpg 300w, https:\/\/herzogtum-direkt.de\/wp-content\/uploads\/2019\/05\/Minibuch-Stadtseewette-titel-150x150.jpg 150w, https:\/\/herzogtum-direkt.de\/wp-content\/uploads\/2019\/05\/Minibuch-Stadtseewette-titel-420x420.jpg 420w, https:\/\/herzogtum-direkt.de\/wp-content\/uploads\/2019\/05\/Minibuch-Stadtseewette-titel.jpg 500w\" sizes=\"(max-width: 300px) 100vw, 300px\" \/><\/a><figcaption id=\"caption-attachment-14370\" class=\"wp-caption-text\">Titel des Mini-Buches: Eulenspiegels neue Streiche &#8211; Die Stadtseewette \u00a9 M\u00f6lln Tourismus<\/figcaption><\/figure>\n<p>seiner grundlegenden Botschaft immer noch aktuell. Wir wollen das Andenken lebendig halten. Insbesondere auf Kinder hat die Narrenfigur eine starke Anziehungskraft, bricht Eulenspiegel doch immer wieder aus den Normen aus und geht seinen eigenen Weg.\u201c, verr\u00e4t Jochen Buchholz, Kurdirektor in M\u00f6lln.<\/p>\n<p>Das Buch wurde auf umweltfreundlichem, FSC-zertifiziertem Recycling-Papier gedruckt und ist ab sofort in der Tourist-Information oder im <a href=\"https:\/\/www.moelln-tourismus.de\/moelln-souvenirs\" target=\"_blank\" rel=\"noopener noreferrer\">Onlineshop<\/a> zum Preis von 2,50 Euro erh\u00e4ltlich.<\/p>\n","protected":false},"excerpt":{"rendered":"<p>M\u00f6lln (pm). 96 kleine Geschichten ranken sich um Till Eulenspiegel, den beliebten Volksnarren, der in M\u00f6lln seine letzten Lebensjahre verbracht haben soll. Wohl keine Stadt ist mit Till Eulenspiegel so verbunden wie M\u00f6lln. Nun hat das Tourismus- und Stadtmarketing M\u00f6lln die Geschichten um eine weitere Erz\u00e4hlung erg\u00e4nzt. Im Eigenverlag ist ein Mini-Buch f\u00fcr Kinder erschienen. [&hellip;]<\/p>\n","protected":false},"author":2,"featured_media":14368,"comment_status":"open","ping_status":"closed","sticky":false,"template":"","format":"standard","meta":{"jnews-multi-image_gallery":[],"jnews_single_post":[],"jnews_primary_category":[],"jnews_social_meta":[],"jnews_override_counter":[],"jnews_post_split":[],"footnotes":""},"categories":[63,66,2],"tags":[601,600],"class_list":["post-14367","post","type-post","status-publish","format-standard","has-post-thumbnail","hentry","category-herzogtum-lauenburg","category-moelln","category-startseite","tag-eulenspiegel","tag-till-eulenspiegel"],"_links":{"self":[{"href":"https:\/\/herzogtum-direkt.de\/index.php\/wp-json\/wp\/v2\/posts\/14367","targetHints":{"allow":["GET"]}}],"collection":[{"href":"https:\/\/herzogtum-direkt.de\/index.php\/wp-json\/wp\/v2\/posts"}],"about":[{"href":"https:\/\/herzogtum-direkt.de\/index.php\/wp-json\/wp\/v2\/types\/post"}],"author":[{"embeddable":true,"href":"https:\/\/herzogtum-direkt.de\/index.php\/wp-json\/wp\/v2\/users\/2"}],"replies":[{"embeddable":true,"href":"https:\/\/herzogtum-direkt.de\/index.php\/wp-json\/wp\/v2\/comments?post=14367"}],"version-history":[{"count":1,"href":"https:\/\/herzogtum-direkt.de\/index.php\/wp-json\/wp\/v2\/posts\/14367\/revisions"}],"predecessor-version":[{"id":14372,"href":"https:\/\/herzogtum-direkt.de\/index.php\/wp-json\/wp\/v2\/posts\/14367\/revisions\/14372"}],"wp:featuredmedia":[{"embeddable":true,"href":"https:\/\/herzogtum-direkt.de\/index.php\/wp-json\/wp\/v2\/media\/14368"}],"wp:attachment":[{"href":"https:\/\/herzogtum-direkt.de\/index.php\/wp-json\/wp\/v2\/media?parent=14367"}],"wp:term":[{"taxonomy":"category","embeddable":true,"href":"https:\/\/herzogtum-direkt.de\/index.php\/wp-json\/wp\/v2\/categories?post=14367"},{"taxonomy":"post_tag","embeddable":true,"href":"https:\/\/herzogtum-direkt.de\/index.php\/wp-json\/wp\/v2\/tags?post=14367"}],"curies":[{"name":"wp","href":"https:\/\/api.w.org\/{rel}","templated":true}]}}