{"id":14182,"date":"2019-05-17T08:04:39","date_gmt":"2019-05-17T07:04:39","guid":{"rendered":"https:\/\/herzogtum-direkt.de\/?p=14182"},"modified":"2019-05-17T08:04:39","modified_gmt":"2019-05-17T07:04:39","slug":"82-kreisbauerntag-mit-daniel-guenther","status":"publish","type":"post","link":"https:\/\/herzogtum-direkt.de\/index.php\/2019\/05\/17\/82-kreisbauerntag-mit-daniel-guenther\/","title":{"rendered":"82. Kreisbauerntag mit Daniel G\u00fcnther"},"content":{"rendered":"<p><strong>Duvensee (pm).<\/strong> Der 82. Kreisbauerntag des Kreisbauernverbandes Herzogtum Lauenburg findet statt am Freitag, den 7. Juni 2019 ab 18 Uhr auf dem Betrieb der Grell-Milch GbR, Hans-Peter und Knud-Frithjof Grell in Duvensee. Das Hauptreferat h\u00e4lt der Ministerpr\u00e4sident des Landes Schleswig-Holstein, Daniel G\u00fcnther, zu dem Thema: \u201eWarum Schleswig-Holstein eine starke Landwirtschaft braucht\u201c.<\/p>\n<p>Der Feuerwehr-Musikzug Tramm spielt zur Begr\u00fc\u00dfung ab 18 Uhr. Die Vortr\u00e4ge beginnen zirka um 19 Uhr. F\u00fcr das leibliche Wohl ist gesorgt. G\u00e4ste sind herzlich willkommen.<\/p>\n<div class=\"brlbs-cmpnt-container brlbs-cmpnt-content-blocker brlbs-cmpnt-with-individual-styles\" data-borlabs-cookie-content-blocker-id=\"default\" data-borlabs-cookie-content=\"PGlmcmFtZSBzdHlsZT0iYm9yZGVyOiAxcHggc29saWQgYmxhY2s7IiBzcmM9Imh0dHBzOi8vd3d3Lm9wZW5zdHJlZXRtYXAub3JnL2V4cG9ydC9lbWJlZC5odG1sP2Jib3g9MTAuNTU3MzAzNDI4NjQ5OTA0JTJDNTMuNjkxMTI4OTUzNzk3OTklMkMxMC41Nzg3NjExMDA3NjkwNDMlMkM1My43MDAyNTA4MDMwOTgxODYmYW1wO2xheWVyPW1hcG5payZhbXA7bWFya2VyPTUzLjY5NTY4NTc4MDIyNzQ0JTJDMTAuNTY4MDM1MDQ5OTk5OTM1IiB3aWR0aD0iNjI1IiBoZWlnaHQ9IjU1MCZxdW90OyIgZnJhbWVib3JkZXI9IjAiIG1hcmdpbndpZHRoPSIwIiBtYXJnaW5oZWlnaHQ9IjAiIHNjcm9sbGluZz0ibm8iPjxzcGFuIHN0eWxlPSJkaXNwbGF5OiBpbmxpbmUtYmxvY2s7IHdpZHRoOiAwcHg7IG92ZXJmbG93OiBoaWRkZW47IGxpbmUtaGVpZ2h0OiAwOyIgZGF0YS1tY2UtdHlwZT0iYm9va21hcmsiIGNsYXNzPSJtY2VfU0VMUkVTX3N0YXJ0Ij7vu788L3NwYW4+PC9pZnJhbWU+\">\n<div class=\"brlbs-cmpnt-cb-preset-a\">\n<p class=\"brlbs-cmpnt-cb-description\">Sie sehen gerade einen Platzhalterinhalt von <strong>Standard<\/strong>. Um auf den eigentlichen Inhalt zuzugreifen, klicken Sie auf den Button unten. Bitte beachten Sie, dass dabei Daten an Drittanbieter weitergegeben werden.<\/p>\n<div class=\"brlbs-cmpnt-cb-buttons\"> <a class=\"brlbs-cmpnt-cb-btn\" href=\"#\" data-borlabs-cookie-unblock role=\"button\">Inhalt entsperren<\/a> <a class=\"brlbs-cmpnt-cb-btn\" href=\"#\" data-borlabs-cookie-accept-service role=\"button\" style=\"display: none\">Erforderlichen Service akzeptieren und Inhalte entsperren<\/a> <\/div>\n<p> <a class=\"brlbs-cmpnt-cb-provider-toggle\" href=\"#\" data-borlabs-cookie-show-provider-information role=\"button\">Weitere Informationen<\/a> <\/div>\n<\/div>\n<p><small><a href=\"https:\/\/www.openstreetmap.org\/?mlat=53.6957&amp;mlon=10.5680#map=16\/53.6957\/10.5680\">View Larger Map<\/a><\/small><\/p>\n","protected":false},"excerpt":{"rendered":"<p>Duvensee (pm). Der 82. Kreisbauerntag des Kreisbauernverbandes Herzogtum Lauenburg findet statt am Freitag, den 7. Juni 2019 ab 18 Uhr auf dem Betrieb der Grell-Milch GbR, Hans-Peter und Knud-Frithjof Grell in Duvensee. Das Hauptreferat h\u00e4lt der Ministerpr\u00e4sident des Landes Schleswig-Holstein, Daniel G\u00fcnther, zu dem Thema: \u201eWarum Schleswig-Holstein eine starke Landwirtschaft braucht\u201c. Der Feuerwehr-Musikzug Tramm spielt [&hellip;]<\/p>\n","protected":false},"author":2,"featured_media":1186,"comment_status":"open","ping_status":"closed","sticky":false,"template":"","format":"standard","meta":{"jnews-multi-image_gallery":[],"jnews_single_post":[],"jnews_primary_category":[],"jnews_social_meta":[],"jnews_override_counter":[],"jnews_post_split":[],"footnotes":""},"categories":[67,63],"tags":[405,2224],"class_list":["post-14182","post","type-post","status-publish","format-standard","has-post-thumbnail","hentry","category-amt-sandesneben-nusse","category-herzogtum-lauenburg","tag-duvensee","tag-kreisbauernverband"],"_links":{"self":[{"href":"https:\/\/herzogtum-direkt.de\/index.php\/wp-json\/wp\/v2\/posts\/14182","targetHints":{"allow":["GET"]}}],"collection":[{"href":"https:\/\/herzogtum-direkt.de\/index.php\/wp-json\/wp\/v2\/posts"}],"about":[{"href":"https:\/\/herzogtum-direkt.de\/index.php\/wp-json\/wp\/v2\/types\/post"}],"author":[{"embeddable":true,"href":"https:\/\/herzogtum-direkt.de\/index.php\/wp-json\/wp\/v2\/users\/2"}],"replies":[{"embeddable":true,"href":"https:\/\/herzogtum-direkt.de\/index.php\/wp-json\/wp\/v2\/comments?post=14182"}],"version-history":[{"count":1,"href":"https:\/\/herzogtum-direkt.de\/index.php\/wp-json\/wp\/v2\/posts\/14182\/revisions"}],"predecessor-version":[{"id":14183,"href":"https:\/\/herzogtum-direkt.de\/index.php\/wp-json\/wp\/v2\/posts\/14182\/revisions\/14183"}],"wp:featuredmedia":[{"embeddable":true,"href":"https:\/\/herzogtum-direkt.de\/index.php\/wp-json\/wp\/v2\/media\/1186"}],"wp:attachment":[{"href":"https:\/\/herzogtum-direkt.de\/index.php\/wp-json\/wp\/v2\/media?parent=14182"}],"wp:term":[{"taxonomy":"category","embeddable":true,"href":"https:\/\/herzogtum-direkt.de\/index.php\/wp-json\/wp\/v2\/categories?post=14182"},{"taxonomy":"post_tag","embeddable":true,"href":"https:\/\/herzogtum-direkt.de\/index.php\/wp-json\/wp\/v2\/tags?post=14182"}],"curies":[{"name":"wp","href":"https:\/\/api.w.org\/{rel}","templated":true}]}}