{"id":14037,"date":"2019-05-12T06:27:10","date_gmt":"2019-05-12T05:27:10","guid":{"rendered":"https:\/\/herzogtum-direkt.de\/?p=14037"},"modified":"2019-05-11T11:31:23","modified_gmt":"2019-05-11T10:31:23","slug":"die-region-sachsenwald-elbe-sammelt-radkilometer-zum-tag-des-fahrrads","status":"publish","type":"post","link":"https:\/\/herzogtum-direkt.de\/index.php\/2019\/05\/12\/die-region-sachsenwald-elbe-sammelt-radkilometer-zum-tag-des-fahrrads\/","title":{"rendered":"Die Region Sachsenwald-Elbe sammelt Radkilometer zum Tag des Fahrrads"},"content":{"rendered":"<p><strong>Herzogtum Lauenburg (pm). <\/strong>Am 3. Juni k\u00f6nnen bei einer gemeinsamen Sternfahrt Radkilometer f\u00fcr die am STADTRADELN teilnehmenden Kommunen der Region Sachsenwald-Elbe gesammelt werden.<\/p>\n<p>Viele Kommunen in der Region nehmen im gleichen Zeitraum am STADTRADELN, einer Kampagne des Klima-B\u00fcndnis teil. Mit der Aktion STADTRADELN soll der Spa\u00df am Fahrradfahren geweckt und m\u00f6glichst viele Menschen zum Umstieg auf das Fahrrad im Alltag motiviert werden.<\/p>\n<p>Am Montag, 3. Juni 2019, laden die Klimaschutzmanagerinnen Maria Hagemeier-Klose vom Amt B\u00fcchen, Jennifer Schnepper vom Amt Hohe Elbgeest, Kirstin Boltz aus Schwarzenbek und Anette Platz aus Geesthacht daher zur gemeinsamen Feierabend-Sternfahrt in der Region Sachsenwald-Elbe ein. Lauenburgs Aktionszeitraum ist dann zwar bereits vor\u00fcber, dennoch beteiligt sich Klimaschutzmanager Ralf Monecke an der Aktion. Zum Tag des Fahrrads wird in jeder Kommune gestartet \u2013 Ziel ist das Caf\u00e9 Alte Marktschule in Schwarzenbek. Dort warten ab 19 Uhr Erfrischungsgetr\u00e4nke und eine kleine St\u00e4rkung auf die Radlerinnen und Radler. Bei der Sternfahrt k\u00f6nnen gleich die Verbindungen zwischen den Kommunen auf ihre Fahrradfreundlichkeit getestet werden.<\/p>\n<p>Nicht nur mit der Teilnahme am STADTRADELN engagieren sich die Organisatoren mit ihren Kommunen gemeinsam f\u00fcr eine klimavertr\u00e4gliche Mobilit\u00e4t. Als Kooperationsprojekt der gesamten Region Sachsenwald-Elbe wird derzeit ein regionales nachhaltiges Mobilit\u00e4tskonzept erarbeitet, in welchem neben dem Radverkehr auch Aspekte wie die St\u00e4rkung des \u00d6PNV in der Region und die F\u00f6rderung der E-Mobilit\u00e4t einflie\u00dfen werden. Ideen und W\u00fcnsche der B\u00fcrgerinnen und B\u00fcrger werden \u00fcber Beteiligungs-Workshops noch in diesem Jahr ber\u00fccksichtigt werden.<\/p>\n<p>Die Startpunkte der Feierabend-Sternfahrt in den Kommunen befinden sich<br \/>\nim Amt B\u00fcchen am B\u00fcrgerplatz in B\u00fcchen, 18 Uhr,<br \/>\nim Amt Hohe Elbgeest am Christa-H\u00f6ppner-Platz 1, 18.15 Uhr,<br \/>\nin Geesthacht auf dem Rathausvorplatz, 18 Uhr,<br \/>\nin Schwarzenbek auf dem Ritter-Wulf-Platz, 18 Uhr und<br \/>\nin Lauenburg am Rathaus, 17.30 Uhr.<\/p>\n<p>Um Anmeldung wird f\u00fcr den jeweiligen Startpunkt bei der\/dem zust\u00e4ndigen STADTRADELN-KoordinatorIn unter <a href=\"http:\/\/www.stadtradeln.de\" target=\"_blank\" rel=\"noopener noreferrer\">www.stadtradeln.de<\/a> gebeten.<\/p>\n","protected":false},"excerpt":{"rendered":"<p>Herzogtum Lauenburg (pm). Am 3. Juni k\u00f6nnen bei einer gemeinsamen Sternfahrt Radkilometer f\u00fcr die am STADTRADELN teilnehmenden Kommunen der Region Sachsenwald-Elbe gesammelt werden. Viele Kommunen in der Region nehmen im gleichen Zeitraum am STADTRADELN, einer Kampagne des Klima-B\u00fcndnis teil. Mit der Aktion STADTRADELN soll der Spa\u00df am Fahrradfahren geweckt und m\u00f6glichst viele Menschen zum Umstieg [&hellip;]<\/p>\n","protected":false},"author":2,"featured_media":14038,"comment_status":"open","ping_status":"closed","sticky":false,"template":"","format":"standard","meta":{"jnews-multi-image_gallery":[],"jnews_single_post":[],"jnews_primary_category":[],"jnews_social_meta":[],"jnews_override_counter":[],"jnews_post_split":[],"footnotes":""},"categories":[63],"tags":[385,384,807],"class_list":["post-14037","post","type-post","status-publish","format-standard","has-post-thumbnail","hentry","category-herzogtum-lauenburg","tag-fahrrad","tag-radfahren","tag-stadtradeln"],"_links":{"self":[{"href":"https:\/\/herzogtum-direkt.de\/index.php\/wp-json\/wp\/v2\/posts\/14037","targetHints":{"allow":["GET"]}}],"collection":[{"href":"https:\/\/herzogtum-direkt.de\/index.php\/wp-json\/wp\/v2\/posts"}],"about":[{"href":"https:\/\/herzogtum-direkt.de\/index.php\/wp-json\/wp\/v2\/types\/post"}],"author":[{"embeddable":true,"href":"https:\/\/herzogtum-direkt.de\/index.php\/wp-json\/wp\/v2\/users\/2"}],"replies":[{"embeddable":true,"href":"https:\/\/herzogtum-direkt.de\/index.php\/wp-json\/wp\/v2\/comments?post=14037"}],"version-history":[{"count":1,"href":"https:\/\/herzogtum-direkt.de\/index.php\/wp-json\/wp\/v2\/posts\/14037\/revisions"}],"predecessor-version":[{"id":14039,"href":"https:\/\/herzogtum-direkt.de\/index.php\/wp-json\/wp\/v2\/posts\/14037\/revisions\/14039"}],"wp:featuredmedia":[{"embeddable":true,"href":"https:\/\/herzogtum-direkt.de\/index.php\/wp-json\/wp\/v2\/media\/14038"}],"wp:attachment":[{"href":"https:\/\/herzogtum-direkt.de\/index.php\/wp-json\/wp\/v2\/media?parent=14037"}],"wp:term":[{"taxonomy":"category","embeddable":true,"href":"https:\/\/herzogtum-direkt.de\/index.php\/wp-json\/wp\/v2\/categories?post=14037"},{"taxonomy":"post_tag","embeddable":true,"href":"https:\/\/herzogtum-direkt.de\/index.php\/wp-json\/wp\/v2\/tags?post=14037"}],"curies":[{"name":"wp","href":"https:\/\/api.w.org\/{rel}","templated":true}]}}