{"id":13996,"date":"2019-05-10T07:22:06","date_gmt":"2019-05-10T06:22:06","guid":{"rendered":"https:\/\/herzogtum-direkt.de\/?p=13996"},"modified":"2019-05-10T07:22:06","modified_gmt":"2019-05-10T06:22:06","slug":"vollsperrung-der-kreisstrasse-33","status":"publish","type":"post","link":"https:\/\/herzogtum-direkt.de\/index.php\/2019\/05\/10\/vollsperrung-der-kreisstrasse-33\/","title":{"rendered":"Vollsperrung der Kreisstra\u00dfe 33"},"content":{"rendered":"<p><strong>L\u00fcchow (pm).<\/strong> Am Mittwoch, 15. Mai 2019, beginnt der Kreis Herzogtum Lauenburg mit einer weiteren Sanierungsma\u00dfnahme. Dieses Mal ist die Kreisstra\u00dfe 33 zwischen L\u00fcchow und der L 92 betroffen.<\/p>\n<p>Aufgrund von Setzungen im Fahrbahnk\u00f6rper, die auf die langanhaltende Trockenheit im letzten Sommer zur\u00fcckgef\u00fchrt werden, muss die Fahrbahn auf einer L\u00e4nge von rund 250 Metern komplett erneuert werden.<\/p>\n<p>Zur Durchf\u00fchrung der Arbeiten muss die Kreisstra\u00dfe 33 zwischen dem Abzweiger nach Labenz und der L 92 f\u00fcr die Dauer der Arbeiten voll gesperrt werden. Die Arbeiten sollen bis zum 07.06.2019 abgeschlossen sein.<\/p>\n<p>Der Kreis bittet um Verst\u00e4ndnis f\u00fcr die auszuf\u00fchrenden Arbeiten.<\/p>\n<div class=\"brlbs-cmpnt-container brlbs-cmpnt-content-blocker brlbs-cmpnt-with-individual-styles\" data-borlabs-cookie-content-blocker-id=\"default\" data-borlabs-cookie-content=\"PGlmcmFtZSBzdHlsZT0iYm9yZGVyOiAxcHggc29saWQgYmxhY2s7IiBzcmM9Imh0dHBzOi8vd3d3Lm9wZW5zdHJlZXRtYXAub3JnL2V4cG9ydC9lbWJlZC5odG1sP2Jib3g9MTAuNDc3MzUyMTQyMzMzOTg2JTJDNTMuNjc3Nzk4MzUyNjk0NDc0JTJDMTAuNTYzMDExMTY5NDMzNTk0JTJDNTMuNzE0Mjg1NDQyMDQ2MjI2JmFtcDtsYXllcj1tYXBuaWsmYW1wO21hcmtlcj01My42OTYwNDU4NTA3NDUyNSUyQzEwLjUyMDE4MTY1NTg4Mzc4OSIgd2lkdGg9IjYyNSIgaGVpZ2h0PSI1NTAiIGZyYW1lYm9yZGVyPSIwIiBtYXJnaW53aWR0aD0iMCIgbWFyZ2luaGVpZ2h0PSIwIiBzY3JvbGxpbmc9Im5vIj48c3BhbiBzdHlsZT0iZGlzcGxheTogaW5saW5lLWJsb2NrOyB3aWR0aDogMHB4OyBvdmVyZmxvdzogaGlkZGVuOyBsaW5lLWhlaWdodDogMDsiIGRhdGEtbWNlLXR5cGU9ImJvb2ttYXJrIiBjbGFzcz0ibWNlX1NFTFJFU19zdGFydCI+77u\/PC9zcGFuPjwvaWZyYW1lPg==\">\n<div class=\"brlbs-cmpnt-cb-preset-a\">\n<p class=\"brlbs-cmpnt-cb-description\">Sie sehen gerade einen Platzhalterinhalt von <strong>Standard<\/strong>. Um auf den eigentlichen Inhalt zuzugreifen, klicken Sie auf den Button unten. Bitte beachten Sie, dass dabei Daten an Drittanbieter weitergegeben werden.<\/p>\n<div class=\"brlbs-cmpnt-cb-buttons\"> <a class=\"brlbs-cmpnt-cb-btn\" href=\"#\" data-borlabs-cookie-unblock role=\"button\">Inhalt entsperren<\/a> <a class=\"brlbs-cmpnt-cb-btn\" href=\"#\" data-borlabs-cookie-accept-service role=\"button\" style=\"display: none\">Erforderlichen Service akzeptieren und Inhalte entsperren<\/a> <\/div>\n<p> <a class=\"brlbs-cmpnt-cb-provider-toggle\" href=\"#\" data-borlabs-cookie-show-provider-information role=\"button\">Weitere Informationen<\/a> <\/div>\n<\/div>\n<p><small><a href=\"https:\/\/www.openstreetmap.org\/?mlat=53.6960&amp;mlon=10.5202#map=14\/53.6960\/10.5202\">View Larger Map<\/a><\/small><\/p>\n","protected":false},"excerpt":{"rendered":"<p>L\u00fcchow (pm). Am Mittwoch, 15. Mai 2019, beginnt der Kreis Herzogtum Lauenburg mit einer weiteren Sanierungsma\u00dfnahme. Dieses Mal ist die Kreisstra\u00dfe 33 zwischen L\u00fcchow und der L 92 betroffen. Aufgrund von Setzungen im Fahrbahnk\u00f6rper, die auf die langanhaltende Trockenheit im letzten Sommer zur\u00fcckgef\u00fchrt werden, muss die Fahrbahn auf einer L\u00e4nge von rund 250 Metern komplett [&hellip;]<\/p>\n","protected":false},"author":2,"featured_media":1583,"comment_status":"open","ping_status":"closed","sticky":false,"template":"","format":"standard","meta":{"jnews-multi-image_gallery":[],"jnews_single_post":[],"jnews_primary_category":[],"jnews_social_meta":[],"jnews_override_counter":[],"jnews_post_split":[],"footnotes":""},"categories":[67,63],"tags":[531,907],"class_list":["post-13996","post","type-post","status-publish","format-standard","has-post-thumbnail","hentry","category-amt-sandesneben-nusse","category-herzogtum-lauenburg","tag-luechow","tag-strassensanierung"],"_links":{"self":[{"href":"https:\/\/herzogtum-direkt.de\/index.php\/wp-json\/wp\/v2\/posts\/13996","targetHints":{"allow":["GET"]}}],"collection":[{"href":"https:\/\/herzogtum-direkt.de\/index.php\/wp-json\/wp\/v2\/posts"}],"about":[{"href":"https:\/\/herzogtum-direkt.de\/index.php\/wp-json\/wp\/v2\/types\/post"}],"author":[{"embeddable":true,"href":"https:\/\/herzogtum-direkt.de\/index.php\/wp-json\/wp\/v2\/users\/2"}],"replies":[{"embeddable":true,"href":"https:\/\/herzogtum-direkt.de\/index.php\/wp-json\/wp\/v2\/comments?post=13996"}],"version-history":[{"count":1,"href":"https:\/\/herzogtum-direkt.de\/index.php\/wp-json\/wp\/v2\/posts\/13996\/revisions"}],"predecessor-version":[{"id":13997,"href":"https:\/\/herzogtum-direkt.de\/index.php\/wp-json\/wp\/v2\/posts\/13996\/revisions\/13997"}],"wp:featuredmedia":[{"embeddable":true,"href":"https:\/\/herzogtum-direkt.de\/index.php\/wp-json\/wp\/v2\/media\/1583"}],"wp:attachment":[{"href":"https:\/\/herzogtum-direkt.de\/index.php\/wp-json\/wp\/v2\/media?parent=13996"}],"wp:term":[{"taxonomy":"category","embeddable":true,"href":"https:\/\/herzogtum-direkt.de\/index.php\/wp-json\/wp\/v2\/categories?post=13996"},{"taxonomy":"post_tag","embeddable":true,"href":"https:\/\/herzogtum-direkt.de\/index.php\/wp-json\/wp\/v2\/tags?post=13996"}],"curies":[{"name":"wp","href":"https:\/\/api.w.org\/{rel}","templated":true}]}}