{"id":1376,"date":"2018-03-12T06:23:28","date_gmt":"2018-03-12T06:23:28","guid":{"rendered":"http:\/\/herzogtum-direkt.de\/?p=1376"},"modified":"2018-03-21T08:07:19","modified_gmt":"2018-03-21T08:07:19","slug":"experiment-fastenzeit","status":"publish","type":"post","link":"https:\/\/herzogtum-direkt.de\/index.php\/2018\/03\/12\/experiment-fastenzeit\/","title":{"rendered":"Experiment Fastenzeit: Kaum was ohne Plastikumverpackung"},"content":{"rendered":"<p>Die Aufstriche neigen sich dem Ende zu, morgen werde ich wohl wirklich die Reste aufgegessen haben. Endlich! Kn\u00e4ckebrot und Manner-Waffeln sind vernichtet.<br \/>\nHeute ist einkaufen angesagt. Hirse, Leinsamen, Buchweizen, Sonnenblumenkerne, alles in der Vorratsgr\u00f6\u00dfe. Brauchen wohl noch mehr verschlie\u00dfbare Gl\u00e4ser. Dazu M\u00f6hren, Kichererbsen, Reiswaffeln, und Knabberzeug f\u00fcr das Kind. Vorerst werde ich das noch kaufen. Erstaunlich, an wie vielen Dingen, die sonst im Wagen gelandet w\u00e4ren, ich heute vorbei laufe. Erinnert mich ein bisschen an meine letzte Nahrungsumstellung.<\/p>\n<p>In der Gem\u00fcseabteilung wird mir mal wieder bewu\u00dft, wie bescheuert es eigentlich ist, dass man fast nichts mehr ohne Plastikumverpackung bekommt. Ob nun Bio oder nicht. Also dann doch in Zukunft auf dem Wochenmarkt einkaufen. Mit Stoffbeuteln. Alles, was ich lose bekomme, kaufe ich auch so. Einzelne Tomaten kullern da durch meinen Einkaufskorb, die Kassiererin guckt schon gar nicht mehr verwundert. Anfangs bekam ich noch h\u00e4ufiger den Hinweis, dass es da auch Plastikt\u00fcten g\u00e4be. Offenbar l\u00e4sst mich der Gedanke an die Reduzierung des Plastikm\u00fclls doch nicht in Ruhe. Und ich m\u00f6chte mehr Bio. Nur Bio am liebsten. Ob das sehr teuer wird?<\/p>\n<p>Morgen fahren wir f\u00fcr eine Woche an die Ostsee. V\u00f6llig irre, diese Sache im Urlaub durchzuziehen. Einerseits. Andererseits habe ich da viel mehr Zeit, Rezepte auszuprobieren, und Mann und Kind sind durch die offene K\u00fcche hautnah dabei.<br \/>\nDer Mandelfeta schmeckt \u00fcbrigens auch auf Brot hervorragend. Und auch wenn ich grad nur m\u00fcde bin und mir das Packen etwas bevorsteht, freue ich mich immernoch \u00fcber das Experiment.<\/p>\n<div><\/div>\n<div>\n<p><em>In dieser Serie bereits erschienen:<\/em><\/p>\n<p><a href=\"https:\/\/2021.herzogtum-direkt.de\/index.php\/2018\/03\/09\/experiment-fastenzeit-resteverwertung-am-tag-1\/\" target=\"_blank\" rel=\"noopener\">Experiment Fastenzeit: Resteverwertung am Tag 1<\/a><\/p>\n<p><a href=\"https:\/\/2021.herzogtum-direkt.de\/index.php\/2018\/03\/11\/experiment-fastenzeit-der-ehrgeiz-ist-erwacht-am-tag-2\/\" target=\"_blank\" rel=\"noopener\">Experiment Fastenzeit: der Ehrgeiz ist erwacht am Tag 2<\/a><\/p>\n<\/div>\n","protected":false},"excerpt":{"rendered":"<p>Die Aufstriche neigen sich dem Ende zu, morgen werde ich wohl wirklich die Reste aufgegessen haben. Endlich! Kn\u00e4ckebrot und Manner-Waffeln sind vernichtet. Heute ist einkaufen angesagt. Hirse, Leinsamen, Buchweizen, Sonnenblumenkerne, alles in der Vorratsgr\u00f6\u00dfe. Brauchen wohl noch mehr verschlie\u00dfbare Gl\u00e4ser. Dazu M\u00f6hren, Kichererbsen, Reiswaffeln, und Knabberzeug f\u00fcr das Kind. Vorerst werde ich das noch kaufen. [&hellip;]<\/p>\n","protected":false},"author":3,"featured_media":1378,"comment_status":"open","ping_status":"closed","sticky":false,"template":"","format":"standard","meta":{"jnews-multi-image_gallery":[],"jnews_single_post":[],"jnews_primary_category":[],"jnews_social_meta":[],"jnews_override_counter":[],"jnews_post_split":[],"footnotes":""},"categories":[75,2],"tags":[127,128,129,131,130],"class_list":["post-1376","post","type-post","status-publish","format-standard","has-post-thumbnail","hentry","category-gesundheit","category-startseite","tag-fasten","tag-fastenzeit","tag-gesundheit","tag-vegan","tag-veraenderung"],"_links":{"self":[{"href":"https:\/\/herzogtum-direkt.de\/index.php\/wp-json\/wp\/v2\/posts\/1376","targetHints":{"allow":["GET"]}}],"collection":[{"href":"https:\/\/herzogtum-direkt.de\/index.php\/wp-json\/wp\/v2\/posts"}],"about":[{"href":"https:\/\/herzogtum-direkt.de\/index.php\/wp-json\/wp\/v2\/types\/post"}],"author":[{"embeddable":true,"href":"https:\/\/herzogtum-direkt.de\/index.php\/wp-json\/wp\/v2\/users\/3"}],"replies":[{"embeddable":true,"href":"https:\/\/herzogtum-direkt.de\/index.php\/wp-json\/wp\/v2\/comments?post=1376"}],"version-history":[{"count":6,"href":"https:\/\/herzogtum-direkt.de\/index.php\/wp-json\/wp\/v2\/posts\/1376\/revisions"}],"predecessor-version":[{"id":1846,"href":"https:\/\/herzogtum-direkt.de\/index.php\/wp-json\/wp\/v2\/posts\/1376\/revisions\/1846"}],"wp:featuredmedia":[{"embeddable":true,"href":"https:\/\/herzogtum-direkt.de\/index.php\/wp-json\/wp\/v2\/media\/1378"}],"wp:attachment":[{"href":"https:\/\/herzogtum-direkt.de\/index.php\/wp-json\/wp\/v2\/media?parent=1376"}],"wp:term":[{"taxonomy":"category","embeddable":true,"href":"https:\/\/herzogtum-direkt.de\/index.php\/wp-json\/wp\/v2\/categories?post=1376"},{"taxonomy":"post_tag","embeddable":true,"href":"https:\/\/herzogtum-direkt.de\/index.php\/wp-json\/wp\/v2\/tags?post=1376"}],"curies":[{"name":"wp","href":"https:\/\/api.w.org\/{rel}","templated":true}]}}