{"id":13733,"date":"2019-05-01T07:51:31","date_gmt":"2019-05-01T06:51:31","guid":{"rendered":"https:\/\/herzogtum-direkt.de\/?p=13733"},"modified":"2019-05-01T07:51:31","modified_gmt":"2019-05-01T06:51:31","slug":"monsieur-claude-kommt-wieder-nach-moelln","status":"publish","type":"post","link":"https:\/\/herzogtum-direkt.de\/index.php\/2019\/05\/01\/monsieur-claude-kommt-wieder-nach-moelln\/","title":{"rendered":"Monsieur Claude kommt wieder nach M\u00f6lln"},"content":{"rendered":"<p><strong>M\u00f6lln (pm).<\/strong>Monsieur Claude kommt wieder nach M\u00f6lln Monsieur Claude kehrt zur\u00fcck auf die gro\u00dfe Leinwand des M\u00f6llner Augustinums. Und auch im neuen Film zeigt der griesgr\u00e4mige Franzose wieder ein sicheres Gesp\u00fcr f\u00fcr Fettn\u00e4pfchen.<\/p>\n<p>Im Jahr 2014 war die franz\u00f6sische Kom\u00f6die \u201eMonsieur Claude und seine T\u00f6chter\u201c nicht nur im M\u00f6llner Augustinum ein Riesenerfolg. Am Wochenende kommt nun der Nachfolger \u201eMonsieur Claude 2\u201c: Als echter Kosmopolit rafft sich Monsieur Claude auf, allen Heimatl\u00e4ndern seiner bunten Schwiegerschar einen Besuch abzustatten. In der franz\u00f6sischen Provinz finden die Verneuils es aber doch am sch\u00f6nsten. Und so freuen sich Claude und Marie auf ihr Gro\u00dfeltern-Dasein in heimatlicher Gem\u00fctlichkeit. Abermals haben sie die Rechnung ohne ihre T\u00f6chter gemacht. Als die ihnen erkl\u00e4ren, dass mit diesen Ehem\u00e4nnern im konservativen Frankreich auf keinen gr\u00fcnen Zweig zu kommen ist und sie deshalb im Ausland ihr Gl\u00fcck suchen werden, sind die Gesichter der Gro\u00dfb\u00fcrger pl\u00f6tzlich sehr lang. Damit die hart erarbeitete Anpassungsf\u00e4higkeit nicht f\u00fcr die Katz\u2019 war, setzen sie nun Himmel und H\u00f6lle in Bewegung, um ihre Schwiegers\u00f6hne zum Bleiben zu bewegen &#8211; und werden pl\u00f6tzlich zu schlitzohrigen Patrioten in v\u00f6lkerfreundschaftlicher Mission.<\/p>\n<p>\u201eMonsieur Claude 2\u201c l\u00e4uft am Freitag und Sonnabend um jeweils 19.30 Uhr im M\u00f6llner Augustinum.<\/p>\n<div class=\"brlbs-cmpnt-container brlbs-cmpnt-content-blocker brlbs-cmpnt-with-individual-styles\" data-borlabs-cookie-content-blocker-id=\"youtube-content-blocker\" data-borlabs-cookie-content=\"PGlmcmFtZSBzcmM9Imh0dHBzOi8vd3d3LnlvdXR1YmUtbm9jb29raWUuY29tL2VtYmVkL19lOXN4eUp3LXZFIiB3aWR0aD0iODA1IiBoZWlnaHQ9IjQ1MyIgZnJhbWVib3JkZXI9IjAiIGFsbG93ZnVsbHNjcmVlbj0iYWxsb3dmdWxsc2NyZWVuIj48L2lmcmFtZT4=\">\n<div class=\"brlbs-cmpnt-cb-preset-c brlbs-cmpnt-cb-youtube\">\n<div class=\"brlbs-cmpnt-cb-thumbnail\" style=\"background-image: url('https:\/\/herzogtum-direkt.de\/wp-content\/uploads\/borlabs-cookie\/1\/brlbs-cb-youtube-main.png')\"><\/div>\n<div class=\"brlbs-cmpnt-cb-main\">\n<div class=\"brlbs-cmpnt-cb-play-button\"><\/div>\n<div class=\"brlbs-cmpnt-cb-content\">\n<p class=\"brlbs-cmpnt-cb-description\">Sie sehen gerade einen Platzhalterinhalt von <strong>YouTube<\/strong>. Um auf den eigentlichen Inhalt zuzugreifen, klicken Sie auf die Schaltfl\u00e4che unten. Bitte beachten Sie, dass dabei Daten an Drittanbieter weitergegeben werden.<\/p>\n<p> <a class=\"brlbs-cmpnt-cb-provider-toggle\" href=\"#\" data-borlabs-cookie-show-provider-information role=\"button\">Mehr Informationen<\/a> <\/div>\n<div class=\"brlbs-cmpnt-cb-buttons\"> <a class=\"brlbs-cmpnt-cb-btn\" href=\"#\" data-borlabs-cookie-unblock role=\"button\">Inhalt entsperren<\/a> <a class=\"brlbs-cmpnt-cb-btn\" href=\"#\" data-borlabs-cookie-accept-service role=\"button\" style=\"display: inherit\">Erforderlichen Service akzeptieren und Inhalte entsperren<\/a> <\/div><\/div><\/div>\n<\/div>\n<p>Die kommenden \u201eKino in M\u00f6lln\u201c-Termine bis zum 25. Mai:<\/p>\n<p>Freitag, 03.05.2019 um 19:30 Uhr: MONSIEUR CLAUDE 2<br \/>\nSamstag, 04.05.2019 um 19:30 Uhr: MONSIEUR CLAUDE 2<\/p>\n<p>Dienstag, 07.05.2019 um 19:30 Uhr: DIE WIESE (Doku-Dienstag)<\/p>\n<p>Freitag, 24.05.2019 um 19:30 Uhr: DIE GOLDFISCHE<br \/>\nSamstag, 25.05.2019 um 19:30 Uhr: DIE GOLDFISCHE<\/p>\n<p>Einen aktuellen \u00dcberblick finden Sie auch unter <a href=\"http:\/\/www.kino-in-moelln.de\" target=\"_blank\" rel=\"noopener noreferrer\">www.kino-in-moelln.de<\/a>.<\/p>\n","protected":false},"excerpt":{"rendered":"<p>M\u00f6lln (pm).Monsieur Claude kommt wieder nach M\u00f6lln Monsieur Claude kehrt zur\u00fcck auf die gro\u00dfe Leinwand des M\u00f6llner Augustinums. Und auch im neuen Film zeigt der griesgr\u00e4mige Franzose wieder ein sicheres Gesp\u00fcr f\u00fcr Fettn\u00e4pfchen. Im Jahr 2014 war die franz\u00f6sische Kom\u00f6die \u201eMonsieur Claude und seine T\u00f6chter\u201c nicht nur im M\u00f6llner Augustinum ein Riesenerfolg. Am Wochenende kommt [&hellip;]<\/p>\n","protected":false},"author":2,"featured_media":13734,"comment_status":"open","ping_status":"closed","sticky":false,"template":"","format":"standard","meta":{"jnews-multi-image_gallery":[],"jnews_single_post":[],"jnews_primary_category":[],"jnews_social_meta":[],"jnews_override_counter":[],"jnews_post_split":[],"footnotes":""},"categories":[70,66],"tags":[292,133],"class_list":["post-13733","post","type-post","status-publish","format-standard","has-post-thumbnail","hentry","category-kultur","category-moelln","tag-kino-moelln","tag-moelln"],"_links":{"self":[{"href":"https:\/\/herzogtum-direkt.de\/index.php\/wp-json\/wp\/v2\/posts\/13733","targetHints":{"allow":["GET"]}}],"collection":[{"href":"https:\/\/herzogtum-direkt.de\/index.php\/wp-json\/wp\/v2\/posts"}],"about":[{"href":"https:\/\/herzogtum-direkt.de\/index.php\/wp-json\/wp\/v2\/types\/post"}],"author":[{"embeddable":true,"href":"https:\/\/herzogtum-direkt.de\/index.php\/wp-json\/wp\/v2\/users\/2"}],"replies":[{"embeddable":true,"href":"https:\/\/herzogtum-direkt.de\/index.php\/wp-json\/wp\/v2\/comments?post=13733"}],"version-history":[{"count":1,"href":"https:\/\/herzogtum-direkt.de\/index.php\/wp-json\/wp\/v2\/posts\/13733\/revisions"}],"predecessor-version":[{"id":13735,"href":"https:\/\/herzogtum-direkt.de\/index.php\/wp-json\/wp\/v2\/posts\/13733\/revisions\/13735"}],"wp:featuredmedia":[{"embeddable":true,"href":"https:\/\/herzogtum-direkt.de\/index.php\/wp-json\/wp\/v2\/media\/13734"}],"wp:attachment":[{"href":"https:\/\/herzogtum-direkt.de\/index.php\/wp-json\/wp\/v2\/media?parent=13733"}],"wp:term":[{"taxonomy":"category","embeddable":true,"href":"https:\/\/herzogtum-direkt.de\/index.php\/wp-json\/wp\/v2\/categories?post=13733"},{"taxonomy":"post_tag","embeddable":true,"href":"https:\/\/herzogtum-direkt.de\/index.php\/wp-json\/wp\/v2\/tags?post=13733"}],"curies":[{"name":"wp","href":"https:\/\/api.w.org\/{rel}","templated":true}]}}