{"id":13349,"date":"2019-04-12T08:21:46","date_gmt":"2019-04-12T07:21:46","guid":{"rendered":"https:\/\/herzogtum-direkt.de\/?p=13349"},"modified":"2019-04-12T08:21:46","modified_gmt":"2019-04-12T07:21:46","slug":"hoehere-besoldung-fuer-grundschul-lehrkraefte","status":"publish","type":"post","link":"https:\/\/herzogtum-direkt.de\/index.php\/2019\/04\/12\/hoehere-besoldung-fuer-grundschul-lehrkraefte\/","title":{"rendered":"H\u00f6here Besoldung f\u00fcr Grundschul-Lehrkr\u00e4fte"},"content":{"rendered":"<p><strong>Kiel (pm).<\/strong> &#8222;In der Grundschule wird das Fundament f\u00fcr eine erfolgreiche schulische Bildung gelegt. Das muss sich deutlicher auch in der Bezahlung der Grundschullehrkr\u00e4fte widerspiegeln &#8211; daher heben wir deren Besoldung an&#8220;, sagte gestern im Kabinett Bildungsministerin Karin Prien. Die Ministerin unterrichtete die Mitglieder der Landesregierung nach der Verbandsanh\u00f6rung in der zweiten Kabinettsbefassung \u00fcber den Gesetzentwurf. Die Anh\u00f6rung habe gezeigt, dass Gewerkschaften und Verb\u00e4nde die Besoldungsanhebung f\u00fcr das Grundschullehramt grunds\u00e4tzlich begr\u00fc\u00dften, betonte Prien. Mit der schrittweise Anhebung der Besoldung bis zum Jahr 2025 von A 12 auf A 13 soll nicht nur die Wertsch\u00e4tzung f\u00fcr die Arbeit von Grundschullehrkr\u00e4ften zum Ausdruck gebracht werden, sondern das Grundschullehramt insgesamt auch attraktiver werden und so f\u00fcr Nachwuchslehrkr\u00e4fte reizvoller werden &#8211; &#8222;es ist also auch ein Beitrag zur Lehrkr\u00e4ftegewinnung und zur Verbesserung der Unterrichtsversorgung&#8220;, so die Ministerin.<\/p>\n<p>&#8222;Ab 1. August 2020 beginnen wir damit, die Grundschullehrkr\u00e4fte nach und nach in die Besoldungsgruppe A 13 \u00fcberzuleiten&#8220;, erl\u00e4uterte die Ministerin. Sie sollen zun\u00e4chst eine ruhegehaltf\u00e4hige Zulage zum Grundgehalt in der Besoldungsgruppe A 12 erhalten, diese werde dann j\u00e4hrlich jeweils zum 1. August weitere 80 Euro angehoben. Am 1. August.2025 seien alle Grundschullehrkr\u00e4fte in die Besoldungsgruppe A 13 aufgestiegen.<\/p>\n<p>Der Gesetzentwurf sieht zudem vor, schon jetzt die Besoldung der Grundschulleitungen zu erh\u00f6hen. Dazu werden in einem ersten Schritt die Geh\u00e4lter der Grundschulleitungen und ihrer Vertretungen um zun\u00e4chst eine halbe Besoldungsstufe ab dem 1. August 2019 erh\u00f6ht. Ab August 2020 folgt die zweite H\u00e4lfte. \u00dcber die schon bestehenden Funktionsstellen an Grundschulen hinaus werden neue geschaffen, und zwar f\u00fcr stellvertretende Schulleitungen an kleineren Grundschulen mit mehr als 80 bis zu 180 Sch\u00fclerinnen und Sch\u00fclern. &#8222;&#8220;Damit wollen wir anerkennen, dass auch an kleineren Grundschulen anspruchsvolle Leitungsaufgaben zu erf\u00fcllen sind und dass auch dort eine entsprechend besoldete Stellvertretung notwendig ist&#8220;&#8220;, sagte Bildungsministerin Prien. Das Gleiche gelte f\u00fcr Funktionsstelleninhaber\/-innen an anderen Schularten mit der Bef\u00e4higung f\u00fcr das Grundschullehramt &#8211; zum Beispiel Koordinator\/-in f\u00fcr die Primarstufe an einer Gemeinschaftsschule sowie hauptamtliche Studienleiter\/-innen im Sachgebiet Grundschule im Institut f\u00fcr Qualit\u00e4tsentwicklung an Schulen Schleswig-Holstein (IQSH).<\/p>\n<p>F\u00fcr die Anhebung der Besoldung von Grundschullehrkr\u00e4ften investiere das Land am Ende &#8211; ab dem Haushaltsjahr 2026 &#8211; j\u00e4hrlich rund 33,5 Millionen Euro plus aufwachsende Versorgungsausgaben bis zu 24 Millionen Euro. &#8222;Enorm viel Geld &#8211; aber wir sind \u00fcberzeugt, dass wir damit wirklich eine Investition in die Zukunft f\u00fcr Grundschulkinder, Grundschullehrkr\u00e4fte und f\u00fcr unser Land insgesamt t\u00e4tigen&#8220;, sagte Ministerin Prien.<\/p>\n","protected":false},"excerpt":{"rendered":"<p>Kiel (pm). &#8222;In der Grundschule wird das Fundament f\u00fcr eine erfolgreiche schulische Bildung gelegt. Das muss sich deutlicher auch in der Bezahlung der Grundschullehrkr\u00e4fte widerspiegeln &#8211; daher heben wir deren Besoldung an&#8220;, sagte gestern im Kabinett Bildungsministerin Karin Prien. Die Ministerin unterrichtete die Mitglieder der Landesregierung nach der Verbandsanh\u00f6rung in der zweiten Kabinettsbefassung \u00fcber den [&hellip;]<\/p>\n","protected":false},"author":2,"featured_media":13351,"comment_status":"open","ping_status":"closed","sticky":false,"template":"","format":"standard","meta":{"jnews-multi-image_gallery":[],"jnews_single_post":[],"jnews_primary_category":[],"jnews_social_meta":[],"jnews_override_counter":[],"jnews_post_split":[],"footnotes":""},"categories":[95,72],"tags":[659],"class_list":["post-13349","post","type-post","status-publish","format-standard","has-post-thumbnail","hentry","category-aus-der-region","category-wirtschaft","tag-grundschule"],"_links":{"self":[{"href":"https:\/\/herzogtum-direkt.de\/index.php\/wp-json\/wp\/v2\/posts\/13349","targetHints":{"allow":["GET"]}}],"collection":[{"href":"https:\/\/herzogtum-direkt.de\/index.php\/wp-json\/wp\/v2\/posts"}],"about":[{"href":"https:\/\/herzogtum-direkt.de\/index.php\/wp-json\/wp\/v2\/types\/post"}],"author":[{"embeddable":true,"href":"https:\/\/herzogtum-direkt.de\/index.php\/wp-json\/wp\/v2\/users\/2"}],"replies":[{"embeddable":true,"href":"https:\/\/herzogtum-direkt.de\/index.php\/wp-json\/wp\/v2\/comments?post=13349"}],"version-history":[{"count":1,"href":"https:\/\/herzogtum-direkt.de\/index.php\/wp-json\/wp\/v2\/posts\/13349\/revisions"}],"predecessor-version":[{"id":13350,"href":"https:\/\/herzogtum-direkt.de\/index.php\/wp-json\/wp\/v2\/posts\/13349\/revisions\/13350"}],"wp:featuredmedia":[{"embeddable":true,"href":"https:\/\/herzogtum-direkt.de\/index.php\/wp-json\/wp\/v2\/media\/13351"}],"wp:attachment":[{"href":"https:\/\/herzogtum-direkt.de\/index.php\/wp-json\/wp\/v2\/media?parent=13349"}],"wp:term":[{"taxonomy":"category","embeddable":true,"href":"https:\/\/herzogtum-direkt.de\/index.php\/wp-json\/wp\/v2\/categories?post=13349"},{"taxonomy":"post_tag","embeddable":true,"href":"https:\/\/herzogtum-direkt.de\/index.php\/wp-json\/wp\/v2\/tags?post=13349"}],"curies":[{"name":"wp","href":"https:\/\/api.w.org\/{rel}","templated":true}]}}