{"id":13164,"date":"2019-04-03T07:52:35","date_gmt":"2019-04-03T06:52:35","guid":{"rendered":"https:\/\/herzogtum-direkt.de\/?p=13164"},"modified":"2019-04-03T07:52:35","modified_gmt":"2019-04-03T06:52:35","slug":"buergermeisterwahl-in-ratzeburg-koech-dankt-seinen-waehlern","status":"publish","type":"post","link":"https:\/\/herzogtum-direkt.de\/index.php\/2019\/04\/03\/buergermeisterwahl-in-ratzeburg-koech-dankt-seinen-waehlern\/","title":{"rendered":"B\u00fcrgermeisterwahl in Ratzeburg: Koech dankt seinen W\u00e4hlern"},"content":{"rendered":"<p><strong>Ratzeburg (aa\/pm).<\/strong> Die Wahl um das Amt des Verwaltungschefs der Stadt Ratzeburg ist gelaufen. Am 31. M\u00e4rz 2019 stimmte die Mehrheit der Ratzeburger f\u00fcr Gunnar Koech als ihren neuen B\u00fcrgermeister.<\/p>\n<p>Dazu Koech: \u201eLiebe Ratzeburgerinnen und Ratzeburger, ich danke Ihnen herzlich f\u00fcr Ihr Vertrauen. Ich bin sehr gl\u00fccklich, dass ich so viele Menschen \u00fcberzeugt habe. Die gute Wahlbeteiligung zeigt das gro\u00dfe Interesse an der Entwicklung unserer Stadt. Ich werde meine ganze Kraft zum Wohl Ratzeburgs einsetzen.<\/p>\n<p>Nach einem sehr emotionalen Wahlkampf m\u00f6chte ich auf Gemeinsamkeiten aufbauen und alle politisch Verantwortlichen zur Zusammenarbeit bewegen. Ich freue mich auf diese Aufgabe und ich freue mich auf Sie, die B\u00fcrgerinnen und B\u00fcrger unserer Stadt. Ohne den R\u00fcckhalt meiner Frau und meiner Kinder w\u00e4re das nicht m\u00f6glich gewesen, ich bin meiner Familie sehr dankbar daf\u00fcr. Viele haben mich auf diesem Weg unterst\u00fctzt &#8211; wir waren ein gro\u00dfes Team &#8211; und ich danke auch meinem Team f\u00fcr das Engagement in den letzten Wochen.<\/p>\n<p>Bis zum Amtsantritt Mitte Juni werde ich mich intensiv auf diese Aufgabe vorbereiten und mit Ihnen im Gespr\u00e4ch bleiben.\u201c<\/p>\n","protected":false},"excerpt":{"rendered":"<p>Ratzeburg (aa\/pm). Die Wahl um das Amt des Verwaltungschefs der Stadt Ratzeburg ist gelaufen. Am 31. M\u00e4rz 2019 stimmte die Mehrheit der Ratzeburger f\u00fcr Gunnar Koech als ihren neuen B\u00fcrgermeister. Dazu Koech: \u201eLiebe Ratzeburgerinnen und Ratzeburger, ich danke Ihnen herzlich f\u00fcr Ihr Vertrauen. Ich bin sehr gl\u00fccklich, dass ich so viele Menschen \u00fcberzeugt habe. Die [&hellip;]<\/p>\n","protected":false},"author":2,"featured_media":13165,"comment_status":"open","ping_status":"closed","sticky":false,"template":"","format":"standard","meta":{"jnews-multi-image_gallery":[],"jnews_single_post":[],"jnews_primary_category":[],"jnews_social_meta":[],"jnews_override_counter":[],"jnews_post_split":[],"footnotes":""},"categories":[63,64],"tags":[1909],"class_list":["post-13164","post","type-post","status-publish","format-standard","has-post-thumbnail","hentry","category-herzogtum-lauenburg","category-ratzeburg","tag-buergermeisterwahl-ratzeburg"],"_links":{"self":[{"href":"https:\/\/herzogtum-direkt.de\/index.php\/wp-json\/wp\/v2\/posts\/13164","targetHints":{"allow":["GET"]}}],"collection":[{"href":"https:\/\/herzogtum-direkt.de\/index.php\/wp-json\/wp\/v2\/posts"}],"about":[{"href":"https:\/\/herzogtum-direkt.de\/index.php\/wp-json\/wp\/v2\/types\/post"}],"author":[{"embeddable":true,"href":"https:\/\/herzogtum-direkt.de\/index.php\/wp-json\/wp\/v2\/users\/2"}],"replies":[{"embeddable":true,"href":"https:\/\/herzogtum-direkt.de\/index.php\/wp-json\/wp\/v2\/comments?post=13164"}],"version-history":[{"count":1,"href":"https:\/\/herzogtum-direkt.de\/index.php\/wp-json\/wp\/v2\/posts\/13164\/revisions"}],"predecessor-version":[{"id":13166,"href":"https:\/\/herzogtum-direkt.de\/index.php\/wp-json\/wp\/v2\/posts\/13164\/revisions\/13166"}],"wp:featuredmedia":[{"embeddable":true,"href":"https:\/\/herzogtum-direkt.de\/index.php\/wp-json\/wp\/v2\/media\/13165"}],"wp:attachment":[{"href":"https:\/\/herzogtum-direkt.de\/index.php\/wp-json\/wp\/v2\/media?parent=13164"}],"wp:term":[{"taxonomy":"category","embeddable":true,"href":"https:\/\/herzogtum-direkt.de\/index.php\/wp-json\/wp\/v2\/categories?post=13164"},{"taxonomy":"post_tag","embeddable":true,"href":"https:\/\/herzogtum-direkt.de\/index.php\/wp-json\/wp\/v2\/tags?post=13164"}],"curies":[{"name":"wp","href":"https:\/\/api.w.org\/{rel}","templated":true}]}}