{"id":13147,"date":"2019-04-03T06:51:48","date_gmt":"2019-04-03T05:51:48","guid":{"rendered":"https:\/\/herzogtum-direkt.de\/?p=13147"},"modified":"2019-04-03T06:51:48","modified_gmt":"2019-04-03T05:51:48","slug":"peter-und-der-wolf-ein-getanztes-maerchen","status":"publish","type":"post","link":"https:\/\/herzogtum-direkt.de\/index.php\/2019\/04\/03\/peter-und-der-wolf-ein-getanztes-maerchen\/","title":{"rendered":"Peter und der Wolf \u2013 Ein getanztes M\u00e4rchen"},"content":{"rendered":"<p><strong>Klinkrade (pm).<\/strong> Unter diesem Titel luden die \u201eTanzm\u00e4use\u201c der Turnerschaft Klinkrade mit ihrer Ballettlehrerin Nadin Carls in die Klinkrader Sporthalle ein. Am 30. M\u00e4rz gab es am fr\u00fchen und sp\u00e4ten Nachmittag jeweils eine Vorstellung. Beide waren mit jeweils rund 120 beziehungsweise 90 Zuschauern gut besucht.<\/p>\n<p>Die zw\u00f6lf Kinder pr\u00e4sentierten das ber\u00fchmte M\u00e4rchen unter der Musik von Sergei Prokofjew in ihren selbst geschneiderten Kost\u00fcmen mit gro\u00dfer Leidenschaft vor den in eigener Handarbeit gefertigten Kulissen. Die Handschrift Nadin Carls, selbst einst Sch\u00fclerin der L\u00fcbecker Ballettschule Heino Heiden, war nicht zu \u00fcbersehen. Die Ente, die im Handlungsverlauf \u201edran glauben muss\u201c, und der Wolf, der zwar gefangen, aber nicht get\u00f6tet wird, sorgten f\u00fcr eine gro\u00dfe R\u00fchrung des Publikums, genau wie die teilweise athletischen Darbietungen des gesamten Ensembles.<\/p>\n<p>Die Zuschauer dankten es mit einem kr\u00e4ftigen Applaus und einer gro\u00dfz\u00fcgigen Spende, die ausschlie\u00dflich den \u201eTanzm\u00e4usen\u201c zu Gute kommt und f\u00fcr zuk\u00fcnftige Projekte zur Verf\u00fcgung steht. Daf\u00fcr k\u00f6nnen wir nur ein gutes Gelingen w\u00fcnschen, in der Vorfreude auf weitere, kurzweilige Samstagnachmittage.<\/p>\n","protected":false},"excerpt":{"rendered":"<p>Klinkrade (pm). Unter diesem Titel luden die \u201eTanzm\u00e4use\u201c der Turnerschaft Klinkrade mit ihrer Ballettlehrerin Nadin Carls in die Klinkrader Sporthalle ein. Am 30. M\u00e4rz gab es am fr\u00fchen und sp\u00e4ten Nachmittag jeweils eine Vorstellung. Beide waren mit jeweils rund 120 beziehungsweise 90 Zuschauern gut besucht. Die zw\u00f6lf Kinder pr\u00e4sentierten das ber\u00fchmte M\u00e4rchen unter der Musik [&hellip;]<\/p>\n","protected":false},"author":14,"featured_media":13148,"comment_status":"open","ping_status":"closed","sticky":false,"template":"","format":"standard","meta":{"jnews-multi-image_gallery":[],"jnews_single_post":[],"jnews_primary_category":[],"jnews_social_meta":[],"jnews_override_counter":[],"jnews_post_split":[],"footnotes":""},"categories":[67,70,2],"tags":[1187],"class_list":["post-13147","post","type-post","status-publish","format-standard","has-post-thumbnail","hentry","category-amt-sandesneben-nusse","category-kultur","category-startseite","tag-klinkrade"],"_links":{"self":[{"href":"https:\/\/herzogtum-direkt.de\/index.php\/wp-json\/wp\/v2\/posts\/13147","targetHints":{"allow":["GET"]}}],"collection":[{"href":"https:\/\/herzogtum-direkt.de\/index.php\/wp-json\/wp\/v2\/posts"}],"about":[{"href":"https:\/\/herzogtum-direkt.de\/index.php\/wp-json\/wp\/v2\/types\/post"}],"author":[{"embeddable":true,"href":"https:\/\/herzogtum-direkt.de\/index.php\/wp-json\/wp\/v2\/users\/14"}],"replies":[{"embeddable":true,"href":"https:\/\/herzogtum-direkt.de\/index.php\/wp-json\/wp\/v2\/comments?post=13147"}],"version-history":[{"count":1,"href":"https:\/\/herzogtum-direkt.de\/index.php\/wp-json\/wp\/v2\/posts\/13147\/revisions"}],"predecessor-version":[{"id":13149,"href":"https:\/\/herzogtum-direkt.de\/index.php\/wp-json\/wp\/v2\/posts\/13147\/revisions\/13149"}],"wp:featuredmedia":[{"embeddable":true,"href":"https:\/\/herzogtum-direkt.de\/index.php\/wp-json\/wp\/v2\/media\/13148"}],"wp:attachment":[{"href":"https:\/\/herzogtum-direkt.de\/index.php\/wp-json\/wp\/v2\/media?parent=13147"}],"wp:term":[{"taxonomy":"category","embeddable":true,"href":"https:\/\/herzogtum-direkt.de\/index.php\/wp-json\/wp\/v2\/categories?post=13147"},{"taxonomy":"post_tag","embeddable":true,"href":"https:\/\/herzogtum-direkt.de\/index.php\/wp-json\/wp\/v2\/tags?post=13147"}],"curies":[{"name":"wp","href":"https:\/\/api.w.org\/{rel}","templated":true}]}}