{"id":12980,"date":"2019-03-28T08:05:23","date_gmt":"2019-03-28T07:05:23","guid":{"rendered":"https:\/\/herzogtum-direkt.de\/?p=12980"},"modified":"2019-03-28T08:50:20","modified_gmt":"2019-03-28T07:50:20","slug":"msv-radwanderer-starten-in-die-saison-2019","status":"publish","type":"post","link":"https:\/\/herzogtum-direkt.de\/index.php\/2019\/03\/28\/msv-radwanderer-starten-in-die-saison-2019\/","title":{"rendered":"MSV Radwanderer starten in die Saison 2019"},"content":{"rendered":"<p><strong>M\u00f6lln (pm).<\/strong> Nach der Winterspause beginnt nun wieder die Saison f\u00fcr die MSV Radwanderer. Die w\u00f6chentlichen Touren starten am Mittwoch, 3. April 2019 um 16 Uhr und am Donnerstag, 4. April 2019, um 18 Uhr.<\/p>\n<p>Treffpunkt ist jeweils der Parkplatz Gudower Weg am Ortsausgang M\u00f6lln. Die Touren dauern zirka zwei Stunden und es werden rund 20 Kilometer geradelt. &#8222;Wir freuen uns auf neue radfahrbegeisterte MitfahreInnen. Kommen Sie einfach mal bei uns vorbei. Auf unserer Internetseite <a href=\"https:\/\/radwandern.moellnersv.de\/\" target=\"_blank\" rel=\"noopener\">www.randwandern.moellnersv.de<\/a> finden Sie alle geplanten Halb- und Ganztagestouren f\u00fcr 2019&#8243;, informiert Katrin Kr\u00fcger (MSV Radwandern).<\/p>\n<div class=\"brlbs-cmpnt-container brlbs-cmpnt-content-blocker brlbs-cmpnt-with-individual-styles\" data-borlabs-cookie-content-blocker-id=\"default\" data-borlabs-cookie-content=\"PGlmcmFtZSBzdHlsZT0iYm9yZGVyOiAxcHggc29saWQgYmxhY2s7IiBzcmM9Imh0dHBzOi8vd3d3Lm9wZW5zdHJlZXRtYXAub3JnL2V4cG9ydC9lbWJlZC5odG1sP2Jib3g9MTAuNjk5MDMxMzUyOTk2ODI4JTJDNTMuNjA4MDkzNTQ4NTQwNjQlMkMxMC43MDQzOTU3NzEwMjY2MTMlMkM1My42MTAzNzg2OTE4ODgxNjUmYW1wO2xheWVyPW1hcG5payZhbXA7bWFya2VyPTUzLjYwOTIzNjEzNTY3MTg2JTJDMTAuNzAxNzEzNTYyMDExNzE5IiB3aWR0aD0iNjI1IiBoZWlnaHQ9IjU1MCIgZnJhbWVib3JkZXI9IjAiIG1hcmdpbndpZHRoPSIwIiBtYXJnaW5oZWlnaHQ9IjAiIHNjcm9sbGluZz0ibm8iPjxzcGFuIHN0eWxlPSJkaXNwbGF5OiBpbmxpbmUtYmxvY2s7IHdpZHRoOiAwcHg7IG92ZXJmbG93OiBoaWRkZW47IGxpbmUtaGVpZ2h0OiAwOyIgZGF0YS1tY2UtdHlwZT0iYm9va21hcmsiIGNsYXNzPSJtY2VfU0VMUkVTX3N0YXJ0Ij7vu788L3NwYW4+PC9pZnJhbWU+\">\n<div class=\"brlbs-cmpnt-cb-preset-a\">\n<p class=\"brlbs-cmpnt-cb-description\">Sie sehen gerade einen Platzhalterinhalt von <strong>Standard<\/strong>. Um auf den eigentlichen Inhalt zuzugreifen, klicken Sie auf den Button unten. Bitte beachten Sie, dass dabei Daten an Drittanbieter weitergegeben werden.<\/p>\n<div class=\"brlbs-cmpnt-cb-buttons\"> <a class=\"brlbs-cmpnt-cb-btn\" href=\"#\" data-borlabs-cookie-unblock role=\"button\">Inhalt entsperren<\/a> <a class=\"brlbs-cmpnt-cb-btn\" href=\"#\" data-borlabs-cookie-accept-service role=\"button\" style=\"display: none\">Erforderlichen Service akzeptieren und Inhalte entsperren<\/a> <\/div>\n<p> <a class=\"brlbs-cmpnt-cb-provider-toggle\" href=\"#\" data-borlabs-cookie-show-provider-information role=\"button\">Weitere Informationen<\/a> <\/div>\n<\/div>\n<p><small><a href=\"https:\/\/www.openstreetmap.org\/?mlat=53.60924&amp;mlon=10.70171#map=18\/53.60924\/10.70171\">Gr\u00f6\u00dfere Karte anzeigen<\/a><\/small><\/p>\n","protected":false},"excerpt":{"rendered":"<p>M\u00f6lln (pm). Nach der Winterspause beginnt nun wieder die Saison f\u00fcr die MSV Radwanderer. Die w\u00f6chentlichen Touren starten am Mittwoch, 3. April 2019 um 16 Uhr und am Donnerstag, 4. April 2019, um 18 Uhr. Treffpunkt ist jeweils der Parkplatz Gudower Weg am Ortsausgang M\u00f6lln. Die Touren dauern zirka zwei Stunden und es werden rund [&hellip;]<\/p>\n","protected":false},"author":2,"featured_media":12981,"comment_status":"open","ping_status":"closed","sticky":false,"template":"","format":"standard","meta":{"jnews-multi-image_gallery":[],"jnews_single_post":[],"jnews_primary_category":[],"jnews_social_meta":[],"jnews_override_counter":[],"jnews_post_split":[],"footnotes":""},"categories":[71],"tags":[358,2115],"class_list":["post-12980","post","type-post","status-publish","format-standard","has-post-thumbnail","hentry","category-sport","tag-msv","tag-radwandern"],"_links":{"self":[{"href":"https:\/\/herzogtum-direkt.de\/index.php\/wp-json\/wp\/v2\/posts\/12980","targetHints":{"allow":["GET"]}}],"collection":[{"href":"https:\/\/herzogtum-direkt.de\/index.php\/wp-json\/wp\/v2\/posts"}],"about":[{"href":"https:\/\/herzogtum-direkt.de\/index.php\/wp-json\/wp\/v2\/types\/post"}],"author":[{"embeddable":true,"href":"https:\/\/herzogtum-direkt.de\/index.php\/wp-json\/wp\/v2\/users\/2"}],"replies":[{"embeddable":true,"href":"https:\/\/herzogtum-direkt.de\/index.php\/wp-json\/wp\/v2\/comments?post=12980"}],"version-history":[{"count":3,"href":"https:\/\/herzogtum-direkt.de\/index.php\/wp-json\/wp\/v2\/posts\/12980\/revisions"}],"predecessor-version":[{"id":12988,"href":"https:\/\/herzogtum-direkt.de\/index.php\/wp-json\/wp\/v2\/posts\/12980\/revisions\/12988"}],"wp:featuredmedia":[{"embeddable":true,"href":"https:\/\/herzogtum-direkt.de\/index.php\/wp-json\/wp\/v2\/media\/12981"}],"wp:attachment":[{"href":"https:\/\/herzogtum-direkt.de\/index.php\/wp-json\/wp\/v2\/media?parent=12980"}],"wp:term":[{"taxonomy":"category","embeddable":true,"href":"https:\/\/herzogtum-direkt.de\/index.php\/wp-json\/wp\/v2\/categories?post=12980"},{"taxonomy":"post_tag","embeddable":true,"href":"https:\/\/herzogtum-direkt.de\/index.php\/wp-json\/wp\/v2\/tags?post=12980"}],"curies":[{"name":"wp","href":"https:\/\/api.w.org\/{rel}","templated":true}]}}