{"id":12777,"date":"2019-03-20T06:21:10","date_gmt":"2019-03-20T05:21:10","guid":{"rendered":"https:\/\/herzogtum-direkt.de\/?p=12777"},"modified":"2019-03-19T09:25:55","modified_gmt":"2019-03-19T08:25:55","slug":"wohin-mit-dem-kind-cdu-schwarzenbek-diskutiert-ueber-kita-hort-und-familienfreundliche-betreuungszeiten","status":"publish","type":"post","link":"https:\/\/herzogtum-direkt.de\/index.php\/2019\/03\/20\/wohin-mit-dem-kind-cdu-schwarzenbek-diskutiert-ueber-kita-hort-und-familienfreundliche-betreuungszeiten\/","title":{"rendered":"Wohin mit dem Kind?! CDU Schwarzenbek diskutiert \u00fcber Kita, Hort und familienfreundliche Betreuungszeiten"},"content":{"rendered":"<figure id=\"attachment_12778\" aria-describedby=\"caption-attachment-12778\" style=\"width: 274px\" class=\"wp-caption alignleft\"><a href=\"https:\/\/herzogtum-direkt.de\/wp-content\/uploads\/2019\/03\/Anja-Reimann.jpg\"><img fetchpriority=\"high\" decoding=\"async\" class=\" wp-image-12778\" src=\"https:\/\/herzogtum-direkt.de\/wp-content\/uploads\/2019\/03\/Anja-Reimann-226x300.jpg\" alt=\"\" width=\"274\" height=\"364\" srcset=\"https:\/\/herzogtum-direkt.de\/wp-content\/uploads\/2019\/03\/Anja-Reimann-226x300.jpg 226w, https:\/\/herzogtum-direkt.de\/wp-content\/uploads\/2019\/03\/Anja-Reimann-316x420.jpg 316w, https:\/\/herzogtum-direkt.de\/wp-content\/uploads\/2019\/03\/Anja-Reimann.jpg 500w\" sizes=\"(max-width: 274px) 100vw, 274px\" \/><\/a><figcaption id=\"caption-attachment-12778\" class=\"wp-caption-text\">CDU-Kreispolitikerin Anja Reimann (45) berichtet aus Ratzeburg, Kiel und Berlin. Foto: hfr<\/figcaption><\/figure>\n<p><strong>Schwarzenbek (pm).<\/strong> &#8222;Aus Gespr\u00e4chen mit Eltern, vor allem berufst\u00e4tigen M\u00fcttern, wissen wir, dass vor Ort trotz intensiver Bem\u00fchungen noch immer bedarfsgerechte Angebote f\u00fcr Kinder in Kita- und Hortalter fehlen. Diese Gespr\u00e4che sollen nun intensiviert und anschlie\u00dfend in praktische Politik gegossen werden, um m\u00f6glichst weitgehend Abhilfe zu schaffen&#8220;, sagt Schwarzenbeker CDU-Vorsitzender Roman Larisch. Der Ortsverband l\u00e4dt daher in seiner Veranstaltungsreihe &#8222;Vereinbarkeit von Beruf und Familie &#8211; Kaminabende im Alten \u00c4rztehaus&#8220; zu lockeren Talk- und Informationsrunden ein.<\/p>\n<p>Der Startschuss f\u00e4llt am Mittwoch, 27. M\u00e4rz, von 17 Uhr an in der Lauenburger Stra\u00dfe 18. Unter dem Motto &#8222;Wohin mit dem Kind?!&#8220; diskutieren die Christdemokraten mit Elternvertreterin Sandra Runge, bis vor ihrem Wechsel in die ehrenamtliche Politik vor Ort Vorstand der Kitakreiselternvertretung, und der kitapolitischen Sprecherin der CDU Kreistagsfraktion: Anja Reimann ist Volljuristin, wissenschaftliche Mitarbeiterin vom Bundestagsabgeordneten Norbert Brackmann und Mutter dreier Kinder. Das Mitglied des Jugendhilfeausschusses berichtet aus Sicht des Kreises \u00fcber die Betreuungssituation in der Europastadt und hat aktuelle Informationen aus Kiel und Berlin im Gep\u00e4ck: &#8222;Ohne die n\u00f6tige Infrastruktur, eine ausreichende und bedarfsgerechte Kita- und Ganztagsbetreuung wird das Wort &#8222;Chancengerechtigkeit&#8220; nur Phrase bleiben&#8220;, sagt die 45-J\u00e4hrige.<\/p>\n<p>In Schwarzenbek waren im Januar erneut weit mehr als 100 Kinder unversorgt mit Krippen-, Kita- oder Hortplatz. Oft sind jedoch auch Schliesszeiten in den Ferien und \u00d6ffnungszeiten nur unbefriedigend: &#8222;Von M\u00fcttern in F\u00fchrungspositionen erhielten wir Hilferufe, weil sie durch das Raster im Zentralen Anmeldesystem gefallen waren und nur auf intensive Gespr\u00e4che hin noch einen Ganztagsplatz ergattern konnten&#8220;, berichtet Larisch. Eingeladen sind M\u00fctter, Elternvertreter, Kitatr\u00e4ger und Betroffene, auch Kinder sind gern gesehene G\u00e4ste. Die CDU Schwarzenbek bitte um Anmeldung per Mail an <a href=\"mailto:info@cdu-schwarzenbek.de\">info@cdu-schwarzenbek.de<\/a><\/p>\n<div class=\"brlbs-cmpnt-container brlbs-cmpnt-content-blocker brlbs-cmpnt-with-individual-styles\" data-borlabs-cookie-content-blocker-id=\"default\" data-borlabs-cookie-content=\"PGlmcmFtZSBzdHlsZT0iYm9yZGVyOiAxcHggc29saWQgYmxhY2s7IiBzcmM9Imh0dHBzOi8vd3d3Lm9wZW5zdHJlZXRtYXAub3JnL2V4cG9ydC9lbWJlZC5odG1sP2Jib3g9MTAuNDgxNjYyNDUyMjIwOTE5JTJDNTMuNTAwODA1OTM5Mzg1NzY0JTJDMTAuNDg0MzM5Mjk2ODE3NzgxJTJDNTMuNTAxOTQ4MjM2NjM0Mzg0JmFtcDtsYXllcj1tYXBuaWsmYW1wO21hcmtlcj01My41MDEzNzcwOTE4NTc0JTJDMTAuNDgzMDAwODc0NTE5MzQ4IiB3aWR0aD0iNjI1IiBoZWlnaHQ9IjU1MCIgZnJhbWVib3JkZXI9IjAiIG1hcmdpbndpZHRoPSIwIiBtYXJnaW5oZWlnaHQ9IjAiIHNjcm9sbGluZz0ibm8iPjwvaWZyYW1lPg==\">\n<div class=\"brlbs-cmpnt-cb-preset-a\">\n<p class=\"brlbs-cmpnt-cb-description\">Sie sehen gerade einen Platzhalterinhalt von <strong>Standard<\/strong>. Um auf den eigentlichen Inhalt zuzugreifen, klicken Sie auf den Button unten. Bitte beachten Sie, dass dabei Daten an Drittanbieter weitergegeben werden.<\/p>\n<div class=\"brlbs-cmpnt-cb-buttons\"> <a class=\"brlbs-cmpnt-cb-btn\" href=\"#\" data-borlabs-cookie-unblock role=\"button\">Inhalt entsperren<\/a> <a class=\"brlbs-cmpnt-cb-btn\" href=\"#\" data-borlabs-cookie-accept-service role=\"button\" style=\"display: none\">Erforderlichen Service akzeptieren und Inhalte entsperren<\/a> <\/div>\n<p> <a class=\"brlbs-cmpnt-cb-provider-toggle\" href=\"#\" data-borlabs-cookie-show-provider-information role=\"button\">Weitere Informationen<\/a> <\/div>\n<\/div>\n<p><small><a href=\"https:\/\/www.openstreetmap.org\/?mlat=53.50138&amp;mlon=10.48300#map=19\/53.50138\/10.48300\">Gr\u00f6\u00dfere Karte anzeigen<\/a><\/small><\/p>\n","protected":false},"excerpt":{"rendered":"<p>Schwarzenbek (pm). &#8222;Aus Gespr\u00e4chen mit Eltern, vor allem berufst\u00e4tigen M\u00fcttern, wissen wir, dass vor Ort trotz intensiver Bem\u00fchungen noch immer bedarfsgerechte Angebote f\u00fcr Kinder in Kita- und Hortalter fehlen. Diese Gespr\u00e4che sollen nun intensiviert und anschlie\u00dfend in praktische Politik gegossen werden, um m\u00f6glichst weitgehend Abhilfe zu schaffen&#8220;, sagt Schwarzenbeker CDU-Vorsitzender Roman Larisch. Der Ortsverband l\u00e4dt [&hellip;]<\/p>\n","protected":false},"author":2,"featured_media":12778,"comment_status":"open","ping_status":"closed","sticky":false,"template":"","format":"standard","meta":{"jnews-multi-image_gallery":[],"jnews_single_post":[],"jnews_primary_category":[],"jnews_social_meta":[],"jnews_override_counter":[],"jnews_post_split":[],"footnotes":""},"categories":[63],"tags":[572,252],"class_list":["post-12777","post","type-post","status-publish","format-standard","has-post-thumbnail","hentry","category-herzogtum-lauenburg","tag-cdu-schwarzenbek","tag-schwarzenbek"],"_links":{"self":[{"href":"https:\/\/herzogtum-direkt.de\/index.php\/wp-json\/wp\/v2\/posts\/12777","targetHints":{"allow":["GET"]}}],"collection":[{"href":"https:\/\/herzogtum-direkt.de\/index.php\/wp-json\/wp\/v2\/posts"}],"about":[{"href":"https:\/\/herzogtum-direkt.de\/index.php\/wp-json\/wp\/v2\/types\/post"}],"author":[{"embeddable":true,"href":"https:\/\/herzogtum-direkt.de\/index.php\/wp-json\/wp\/v2\/users\/2"}],"replies":[{"embeddable":true,"href":"https:\/\/herzogtum-direkt.de\/index.php\/wp-json\/wp\/v2\/comments?post=12777"}],"version-history":[{"count":1,"href":"https:\/\/herzogtum-direkt.de\/index.php\/wp-json\/wp\/v2\/posts\/12777\/revisions"}],"predecessor-version":[{"id":12779,"href":"https:\/\/herzogtum-direkt.de\/index.php\/wp-json\/wp\/v2\/posts\/12777\/revisions\/12779"}],"wp:featuredmedia":[{"embeddable":true,"href":"https:\/\/herzogtum-direkt.de\/index.php\/wp-json\/wp\/v2\/media\/12778"}],"wp:attachment":[{"href":"https:\/\/herzogtum-direkt.de\/index.php\/wp-json\/wp\/v2\/media?parent=12777"}],"wp:term":[{"taxonomy":"category","embeddable":true,"href":"https:\/\/herzogtum-direkt.de\/index.php\/wp-json\/wp\/v2\/categories?post=12777"},{"taxonomy":"post_tag","embeddable":true,"href":"https:\/\/herzogtum-direkt.de\/index.php\/wp-json\/wp\/v2\/tags?post=12777"}],"curies":[{"name":"wp","href":"https:\/\/api.w.org\/{rel}","templated":true}]}}