{"id":12734,"date":"2019-03-18T08:12:24","date_gmt":"2019-03-18T07:12:24","guid":{"rendered":"https:\/\/herzogtum-direkt.de\/?p=12734"},"modified":"2019-03-18T08:12:24","modified_gmt":"2019-03-18T07:12:24","slug":"bundesrat-will-umweltschaeden-durch-mikroplastik-vermindern","status":"publish","type":"post","link":"https:\/\/herzogtum-direkt.de\/index.php\/2019\/03\/18\/bundesrat-will-umweltschaeden-durch-mikroplastik-vermindern\/","title":{"rendered":"Bundesrat will Umweltsch\u00e4den durch Mikroplastik vermindern"},"content":{"rendered":"<p><strong>Berlin (pm).<\/strong> Der Bundesrat sorgt sich um die Umweltverschmutzung durch Mikro- und Nanoplastik &#8211; und deren sch\u00e4dlichen Auswirkungen auf Mensch, Tier und Natur. Mit einer am 15. M\u00e4rz 2019 gefassten Entschlie\u00dfung bittet er die Bundesregierung um Pr\u00fcfung, welche Ma\u00dfnahmen sinnvoll sind, damit weniger Mikroplastikpartikel und schwer abbaubare Polymere in Gew\u00e4sser und B\u00f6den gelangen.<\/p>\n<p>Gro\u00dfe Gefahr f\u00fcr \u00d6kosysteme<\/p>\n<p>Mikro- und Nanoplastik stellen eine gro\u00dfe Gefahr f\u00fcr Binnengew\u00e4sser und Meeres\u00f6kosysteme, f\u00fcr Fische und \u00fcber die Nahrungskette letztlich auch f\u00fcr Menschen dar, warnt der Bundesrat. Miturs\u00e4chlich daf\u00fcr sei der Einsatz von Kunststoffmikropartikel in Beauty- und Pflegeprodukten, aber auch der Abrieb von Reifen, Textilien oder Kunstrasen. Abw\u00e4sser von Stra\u00dfen m\u00fcssten zum Beispiel mit hohem Aufwand vorbehandelt werden, bevor sie ins Gew\u00e4sser eingeleitet werden k\u00f6nnen.<\/p>\n<p>Hersteller in der Pflicht<\/p>\n<p>Die Verminderung von Mikroplastik ist aus Sicht des Bundesrates vordringlich eine Frage des Produktdesigns. Er sieht daher die Hersteller in besonderer Verantwortung, auf den Zusatz von Mikroplastik zu verzichten &#8211; in vielen F\u00e4llen sei er ohnehin nicht erforderlich.<\/p>\n<p>Notfalls ein europ\u00e4isches Verbot<\/p>\n<p>Die Bem\u00fchungen der Bundesregierung, den Einsatz von fl\u00fcssigen und festen Kunststoffzus\u00e4tzen in Kosmetika und Pflegeprodukten schnellstm\u00f6glich durch eine freiwillige Selbstverpflichtung der Hersteller zu beenden, unterst\u00fctzt der Bundesrat ausdr\u00fccklich. Sollte dies jedoch bis zum Jahr 2020 nicht gelingen, m\u00fcsse die Bundesregierung auf europ\u00e4ischer Ebene auf ein Verbot hinwirken.<\/p>\n<p>Nationale Einschr\u00e4nkungen<\/p>\n<p>Aber auch nationale Verbote oder Produktbeschr\u00e4nkungen aus Gr\u00fcnden des Gew\u00e4sser-, Meeres- und Gesundheitsschutzes m\u00f6chte der Bundesrat von der Bundesregierung pr\u00fcfen lassen.<\/p>\n<p>Zwei Initiativen vereint<\/p>\n<p>Die Entschlie\u00dfung beruht auf zwei parallel eingebrachten Antr\u00e4gen aus Bayern (Drucksache 22\/19) einerseits, Hamburg, Th\u00fcringen, Berlin und Bremen andererseits (siehe TOP18b, Drs. 73\/19), die auf Empfehlung des Agrarausschusses zu einem gemeinsamen Text kombiniert wurden.<\/p>\n<p>Er wird nun der Bundesregierung zugeleitet. Diese entscheidet, ob sie das Anliegen der L\u00e4nder aufgreifen will. Feste Fristen hierf\u00fcr gibt es nicht.<\/p>\n","protected":false},"excerpt":{"rendered":"<p>Berlin (pm). Der Bundesrat sorgt sich um die Umweltverschmutzung durch Mikro- und Nanoplastik &#8211; und deren sch\u00e4dlichen Auswirkungen auf Mensch, Tier und Natur. Mit einer am 15. M\u00e4rz 2019 gefassten Entschlie\u00dfung bittet er die Bundesregierung um Pr\u00fcfung, welche Ma\u00dfnahmen sinnvoll sind, damit weniger Mikroplastikpartikel und schwer abbaubare Polymere in Gew\u00e4sser und B\u00f6den gelangen. Gro\u00dfe Gefahr [&hellip;]<\/p>\n","protected":false},"author":2,"featured_media":1186,"comment_status":"open","ping_status":"closed","sticky":false,"template":"","format":"standard","meta":{"jnews-multi-image_gallery":[],"jnews_single_post":[],"jnews_primary_category":[],"jnews_social_meta":[],"jnews_override_counter":[],"jnews_post_split":[],"footnotes":""},"categories":[94,93],"tags":[2102],"class_list":["post-12734","post","type-post","status-publish","format-standard","has-post-thumbnail","hentry","category-deutschland","category-weltweit","tag-mikroplastik"],"_links":{"self":[{"href":"https:\/\/herzogtum-direkt.de\/index.php\/wp-json\/wp\/v2\/posts\/12734","targetHints":{"allow":["GET"]}}],"collection":[{"href":"https:\/\/herzogtum-direkt.de\/index.php\/wp-json\/wp\/v2\/posts"}],"about":[{"href":"https:\/\/herzogtum-direkt.de\/index.php\/wp-json\/wp\/v2\/types\/post"}],"author":[{"embeddable":true,"href":"https:\/\/herzogtum-direkt.de\/index.php\/wp-json\/wp\/v2\/users\/2"}],"replies":[{"embeddable":true,"href":"https:\/\/herzogtum-direkt.de\/index.php\/wp-json\/wp\/v2\/comments?post=12734"}],"version-history":[{"count":1,"href":"https:\/\/herzogtum-direkt.de\/index.php\/wp-json\/wp\/v2\/posts\/12734\/revisions"}],"predecessor-version":[{"id":12735,"href":"https:\/\/herzogtum-direkt.de\/index.php\/wp-json\/wp\/v2\/posts\/12734\/revisions\/12735"}],"wp:featuredmedia":[{"embeddable":true,"href":"https:\/\/herzogtum-direkt.de\/index.php\/wp-json\/wp\/v2\/media\/1186"}],"wp:attachment":[{"href":"https:\/\/herzogtum-direkt.de\/index.php\/wp-json\/wp\/v2\/media?parent=12734"}],"wp:term":[{"taxonomy":"category","embeddable":true,"href":"https:\/\/herzogtum-direkt.de\/index.php\/wp-json\/wp\/v2\/categories?post=12734"},{"taxonomy":"post_tag","embeddable":true,"href":"https:\/\/herzogtum-direkt.de\/index.php\/wp-json\/wp\/v2\/tags?post=12734"}],"curies":[{"name":"wp","href":"https:\/\/api.w.org\/{rel}","templated":true}]}}