{"id":12619,"date":"2019-03-14T09:16:47","date_gmt":"2019-03-14T08:16:47","guid":{"rendered":"https:\/\/herzogtum-direkt.de\/?p=12619"},"modified":"2019-03-14T09:18:02","modified_gmt":"2019-03-14T08:18:02","slug":"unser-sauberes-schleswig-holstein-ratzeburg-beim-landesweiten-fruehjahrsputztag-dabei-2","status":"publish","type":"post","link":"https:\/\/herzogtum-direkt.de\/index.php\/2019\/03\/14\/unser-sauberes-schleswig-holstein-ratzeburg-beim-landesweiten-fruehjahrsputztag-dabei-2\/","title":{"rendered":"&#8218;Unser sauberes Schleswig-Holstein&#8216; &#8211; Ratzeburg beim landesweiten Fr\u00fchjahrsputztag dabei"},"content":{"rendered":"<p><strong>Ratzeburg (pm).<\/strong> Der St\u00e4dteverband Schleswig-Holstein, der Schleswig-Holsteinische Gemeindetag, die Provinzial Versicherungen sowie der Landesfeuerwehrverband Schleswig-Holstein veranstalten in Zusammenarbeit mit NDR 1 Welle Nord und dem Schleswig-Holstein-Magazin als Medienpartner am Sonnabend, 23. M\u00e4rz 2019, die j\u00e4hrlich stattfindende Fr\u00fchjahrsputzaktion \u201eUnser sauberes Schleswig-Holstein\u201c. Die Stadt Ratzeburg wird sich wie in den Jahren zuvor wieder an der landesweiten M\u00fcllsammlung beteiligen.<\/p>\n<p>Mit dieser Aktion soll vor allem die gemeinsame Verantwortung f\u00fcr die Umwelt gef\u00f6rdert werden. Alle Ratzeburger B\u00fcrger, Vereine und Verb\u00e4nde, Kindertagesst\u00e4tten und Schulen, Firmen und Institutionen sind daher aufgerufen, sich an der M\u00fcllsammelaktion zu beteiligen. Ohne Zweifel ist es sinnvoll, achtlos weggeworfene und herumliegende M\u00fcllteile aufzusammeln, bevor sie sich zu immer kleineren (Mikro-M\u00fcll) zersetzen und sehr lange die Natur und die Nahrungsketten belasten. M\u00fcll sammeln ist Vorbeugen im wahrsten Sinne des Wortes. Durch die gemeinsame Teilnahme an dieser Aktion k\u00f6nnen wir mehr erreichen und zeigen, was B\u00fcrgersinn bewegen kann. Zudem macht es auch Spa\u00df, bei Kl\u00f6nschnack mit Gleichgesinnten Zeit an der frischen Luft zu verbringen.<\/p>\n<p>Treffpunkt f\u00fcr alle freiwilligen Helfer ist um 9 Uhr vor dem Rathaus, Unter den Linden. Empfohlen wird wetterfeste Kleidung. Die Abfallwirtschaft S\u00fcdholstein (AWSH) stellt wieder Arbeitshandschuhe und blaue S\u00e4cke zur Verf\u00fcgung. Gegen Ende der M\u00fcllsammelaktion gegen 12 Uhr wird als Dankesch\u00f6n sowohl ein deftiger Eintopf mit Fleischeinlage als auch eine vegetarische Variante, Br\u00f6tchen und Tee angeboten. Wer m\u00f6chte, erh\u00e4lt jeder Teilnehmer im Anschluss wieder eine Urkunde.<\/p>\n<p>Wer sich an der Putzaktion beteiligen m\u00f6chte, kann sich anmelden bei der Stadtverwaltung Ratzeburg (Heinrich Meyer, Tel. 8000-167 oder Ellen Ancot, Tel. 8000-888). Aber auch ohne Anmeldung sind freiwillige M\u00fcllsammler in Ratzeburg herzlich willkommen.<\/p>\n","protected":false},"excerpt":{"rendered":"<p>Ratzeburg (pm). Der St\u00e4dteverband Schleswig-Holstein, der Schleswig-Holsteinische Gemeindetag, die Provinzial Versicherungen sowie der Landesfeuerwehrverband Schleswig-Holstein veranstalten in Zusammenarbeit mit NDR 1 Welle Nord und dem Schleswig-Holstein-Magazin als Medienpartner am Sonnabend, 23. M\u00e4rz 2019, die j\u00e4hrlich stattfindende Fr\u00fchjahrsputzaktion \u201eUnser sauberes Schleswig-Holstein\u201c. Die Stadt Ratzeburg wird sich wie in den Jahren zuvor wieder an der landesweiten M\u00fcllsammlung [&hellip;]<\/p>\n","protected":false},"author":2,"featured_media":1186,"comment_status":"open","ping_status":"closed","sticky":false,"template":"","format":"standard","meta":{"jnews-multi-image_gallery":[],"jnews_single_post":[],"jnews_primary_category":[],"jnews_social_meta":[],"jnews_override_counter":[],"jnews_post_split":[],"footnotes":""},"categories":[63,64],"tags":[2092,114],"class_list":["post-12619","post","type-post","status-publish","format-standard","has-post-thumbnail","hentry","category-herzogtum-lauenburg","category-ratzeburg","tag-fruehjahrsputz-2019","tag-ratzeburg"],"_links":{"self":[{"href":"https:\/\/herzogtum-direkt.de\/index.php\/wp-json\/wp\/v2\/posts\/12619","targetHints":{"allow":["GET"]}}],"collection":[{"href":"https:\/\/herzogtum-direkt.de\/index.php\/wp-json\/wp\/v2\/posts"}],"about":[{"href":"https:\/\/herzogtum-direkt.de\/index.php\/wp-json\/wp\/v2\/types\/post"}],"author":[{"embeddable":true,"href":"https:\/\/herzogtum-direkt.de\/index.php\/wp-json\/wp\/v2\/users\/2"}],"replies":[{"embeddable":true,"href":"https:\/\/herzogtum-direkt.de\/index.php\/wp-json\/wp\/v2\/comments?post=12619"}],"version-history":[{"count":1,"href":"https:\/\/herzogtum-direkt.de\/index.php\/wp-json\/wp\/v2\/posts\/12619\/revisions"}],"predecessor-version":[{"id":12620,"href":"https:\/\/herzogtum-direkt.de\/index.php\/wp-json\/wp\/v2\/posts\/12619\/revisions\/12620"}],"wp:featuredmedia":[{"embeddable":true,"href":"https:\/\/herzogtum-direkt.de\/index.php\/wp-json\/wp\/v2\/media\/1186"}],"wp:attachment":[{"href":"https:\/\/herzogtum-direkt.de\/index.php\/wp-json\/wp\/v2\/media?parent=12619"}],"wp:term":[{"taxonomy":"category","embeddable":true,"href":"https:\/\/herzogtum-direkt.de\/index.php\/wp-json\/wp\/v2\/categories?post=12619"},{"taxonomy":"post_tag","embeddable":true,"href":"https:\/\/herzogtum-direkt.de\/index.php\/wp-json\/wp\/v2\/tags?post=12619"}],"curies":[{"name":"wp","href":"https:\/\/api.w.org\/{rel}","templated":true}]}}