{"id":11698,"date":"2019-02-11T13:32:12","date_gmt":"2019-02-11T12:32:12","guid":{"rendered":"https:\/\/herzogtum-direkt.de\/?p=11698"},"modified":"2019-02-11T13:32:12","modified_gmt":"2019-02-11T12:32:12","slug":"kommunikation-zwischen-vereinen-und-wirtschaft-aber-auf-augenhoehe","status":"publish","type":"post","link":"https:\/\/herzogtum-direkt.de\/index.php\/2019\/02\/11\/kommunikation-zwischen-vereinen-und-wirtschaft-aber-auf-augenhoehe\/","title":{"rendered":"Kommunikation zwischen Vereinen und Wirtschaft, aber auf Augenh\u00f6he"},"content":{"rendered":"<p><strong>M\u00f6lln (pm).<\/strong> V\u00f6llig erwartungsoffen waren die Organisatoren an das erste Treffen der M\u00f6llner Vereine herangegangen. Aktive und Vorst\u00e4nde in Vereinen haben neben Job und Familie ein hohes Einsatzpensum. Nicht selten sind sie &#8222;M\u00e4dchen&#8220; f\u00fcr alles und immer da, wo es im Verein gerade brennt. Umso bemerkenswerter, dass mehr als 20 Aktive aus \u00fcber zw\u00f6lf M\u00f6llner Vereinen an diesem ersten Orientierungstreffen teilnahmen.<\/p>\n<p>&#8222;Beeindruckend wie produktiv und professionell die Gruppe direkt an n\u00e4chsten Schritten gearbeitet hat. Dabei sind die Teilnehmer schon sehr konkret in die Planung eingestiegen&#8220;, so Joachim Rumohr (1. Vorsitzender Wirtschaftliche Vereinigung M\u00f6lln e.V.) und Birgit Waniorek (Vereinskoordination), &#8222;Das zeigt auch, wie hoch der Bedarf an Austausch und Koordination zwischen den Vereinen ist.&#8220; Diesem Bedarf, aber auch der Kommunikation auf Augenh\u00f6he zwischen Wirtschaft und Vereinen, wird die Wirtschaftliche Vereinigung M\u00f6lln e.V. nun eine kostenfreie Plattform bieten.<\/p>\n<p>Das n\u00e4chste Treffe ist bereits f\u00fcr Dienstag, 19. M\u00e4rz 2019, terminiert. Konkret soll hier ein Treffen mit der regionalen Wirtschaft vorbereitet werden. Der Wirtschaftsfaktor &#8222;Verein&#8220; sowie m\u00f6gliche Synergien spielen dabei eine Rolle. Es wird um Anmeldung per Email an <a href=\"mailto:joachim.rumohr@wv-moelln.de\">joachim.rumohr@wv-moelln.de<\/a>, <a href=\"mailto:b.waniorek@gmx.de\">b.waniorek@gmx.de<\/a> oder unter der Rufnummer 016090345038 gebeten. Gerne k\u00f6nnen auch Vereine, die am ersten Treffen nicht teilnehmen konnten, dabei sein. Diese erhalten vorab die Informationen aus dem ersten Orientierungstreffen. Die Leistung des Ehrenamts verdient Aufmerksamkeit und Aufwertung, daf\u00fcr kann sich eine starke Gemeinschaft einsetzen.<\/p>\n","protected":false},"excerpt":{"rendered":"<p>M\u00f6lln (pm). V\u00f6llig erwartungsoffen waren die Organisatoren an das erste Treffen der M\u00f6llner Vereine herangegangen. Aktive und Vorst\u00e4nde in Vereinen haben neben Job und Familie ein hohes Einsatzpensum. Nicht selten sind sie &#8222;M\u00e4dchen&#8220; f\u00fcr alles und immer da, wo es im Verein gerade brennt. Umso bemerkenswerter, dass mehr als 20 Aktive aus \u00fcber zw\u00f6lf M\u00f6llner [&hellip;]<\/p>\n","protected":false},"author":2,"featured_media":11699,"comment_status":"open","ping_status":"closed","sticky":false,"template":"","format":"standard","meta":{"jnews-multi-image_gallery":[],"jnews_single_post":[],"jnews_primary_category":[],"jnews_social_meta":[],"jnews_override_counter":[],"jnews_post_split":[],"footnotes":""},"categories":[63,66],"tags":[133,2012,2013],"class_list":["post-11698","post","type-post","status-publish","format-standard","has-post-thumbnail","hentry","category-herzogtum-lauenburg","category-moelln","tag-moelln","tag-moellner-vereine","tag-wirtschaftliche-vereinigung-moelln"],"_links":{"self":[{"href":"https:\/\/herzogtum-direkt.de\/index.php\/wp-json\/wp\/v2\/posts\/11698","targetHints":{"allow":["GET"]}}],"collection":[{"href":"https:\/\/herzogtum-direkt.de\/index.php\/wp-json\/wp\/v2\/posts"}],"about":[{"href":"https:\/\/herzogtum-direkt.de\/index.php\/wp-json\/wp\/v2\/types\/post"}],"author":[{"embeddable":true,"href":"https:\/\/herzogtum-direkt.de\/index.php\/wp-json\/wp\/v2\/users\/2"}],"replies":[{"embeddable":true,"href":"https:\/\/herzogtum-direkt.de\/index.php\/wp-json\/wp\/v2\/comments?post=11698"}],"version-history":[{"count":1,"href":"https:\/\/herzogtum-direkt.de\/index.php\/wp-json\/wp\/v2\/posts\/11698\/revisions"}],"predecessor-version":[{"id":11700,"href":"https:\/\/herzogtum-direkt.de\/index.php\/wp-json\/wp\/v2\/posts\/11698\/revisions\/11700"}],"wp:featuredmedia":[{"embeddable":true,"href":"https:\/\/herzogtum-direkt.de\/index.php\/wp-json\/wp\/v2\/media\/11699"}],"wp:attachment":[{"href":"https:\/\/herzogtum-direkt.de\/index.php\/wp-json\/wp\/v2\/media?parent=11698"}],"wp:term":[{"taxonomy":"category","embeddable":true,"href":"https:\/\/herzogtum-direkt.de\/index.php\/wp-json\/wp\/v2\/categories?post=11698"},{"taxonomy":"post_tag","embeddable":true,"href":"https:\/\/herzogtum-direkt.de\/index.php\/wp-json\/wp\/v2\/tags?post=11698"}],"curies":[{"name":"wp","href":"https:\/\/api.w.org\/{rel}","templated":true}]}}