{"id":11513,"date":"2017-04-05T11:13:06","date_gmt":"2017-04-05T10:13:06","guid":{"rendered":"https:\/\/herzogtum-direkt.de\/?p=11513"},"modified":"2019-02-05T11:14:54","modified_gmt":"2019-02-05T10:14:54","slug":"moelln-trauert","status":"publish","type":"post","link":"https:\/\/herzogtum-direkt.de\/index.php\/2017\/04\/05\/moelln-trauert\/","title":{"rendered":"M\u00f6lln trauert"},"content":{"rendered":"<div>\n<p class=\"rtejustify\"><strong>M\u00f6lln (aa).<\/strong> Die Stadt M\u00f6lln trauert um ihren Mitarbeiter und Till-Eulenspiegel-Darsteller Mario Sch\u00e4fer. Das ist einer aktuellen Meldung auf der Internseite der Stadt zu lesen. Demnach ist Sch\u00e4fer &#8222;v\u00f6llig \u00fcberraschend im Alter von 52 Jahren verstorben&#8220;. Die komplette Meldung ist unter <a href=\"http:\/\/www.moelln.de\/aktuelles\/mitteilungen\/nachruf.html\" target=\"_blank\" rel=\"noopener\">http:\/\/www.moelln.de\/aktuelles\/mitteilungen\/nachruf.html<\/a> zu finden.<\/p>\n<p class=\"rtejustify\">Mario Sch\u00e4fer mimte den Narren nicht nur bei unz\u00e4hligen offiziellen Anl\u00e4ssen, auch im Rahmen der Eulenspiegelfestspiele verk\u00f6rperte er die Sagenfigur in vortrefflicher Weise.<\/p>\n<div>\n<div class=\"brlbs-cmpnt-container brlbs-cmpnt-content-blocker brlbs-cmpnt-with-individual-styles\" data-borlabs-cookie-content-blocker-id=\"youtube-content-blocker\" data-borlabs-cookie-content=\"PGlmcmFtZSBzcmM9Imh0dHBzOi8vd3d3LnlvdXR1YmUtbm9jb29raWUuY29tL2VtYmVkL19EaldiUWJiMTBBP2VjdmVyPTIiIHdpZHRoPSI2NDAiIGhlaWdodD0iMzYwIiBmcmFtZWJvcmRlcj0iMCIgYWxsb3dmdWxsc2NyZWVuPSJhbGxvd2Z1bGxzY3JlZW4iIGRhdGEtbWNlLWZyYWdtZW50PSIxIj48L2lmcmFtZT4=\">\n<div class=\"brlbs-cmpnt-cb-preset-c brlbs-cmpnt-cb-youtube\">\n<div class=\"brlbs-cmpnt-cb-thumbnail\" style=\"background-image: url('https:\/\/herzogtum-direkt.de\/wp-content\/uploads\/borlabs-cookie\/1\/yt__DjWbQbb10A_hqdefault.jpg')\"><\/div>\n<div class=\"brlbs-cmpnt-cb-main\">\n<div class=\"brlbs-cmpnt-cb-play-button\"><\/div>\n<div class=\"brlbs-cmpnt-cb-content\">\n<p class=\"brlbs-cmpnt-cb-description\">Sie sehen gerade einen Platzhalterinhalt von <strong>YouTube<\/strong>. Um auf den eigentlichen Inhalt zuzugreifen, klicken Sie auf die Schaltfl\u00e4che unten. Bitte beachten Sie, dass dabei Daten an Drittanbieter weitergegeben werden.<\/p>\n<p> <a class=\"brlbs-cmpnt-cb-provider-toggle\" href=\"#\" data-borlabs-cookie-show-provider-information role=\"button\">Mehr Informationen<\/a> <\/div>\n<div class=\"brlbs-cmpnt-cb-buttons\"> <a class=\"brlbs-cmpnt-cb-btn\" href=\"#\" data-borlabs-cookie-unblock role=\"button\">Inhalt entsperren<\/a> <a class=\"brlbs-cmpnt-cb-btn\" href=\"#\" data-borlabs-cookie-accept-service role=\"button\" style=\"display: inherit\">Erforderlichen Service akzeptieren und Inhalte entsperren<\/a> <\/div><\/div><\/div>\n<\/div>\n<\/div>\n<\/div>\n<div class=\"user-profile\">\n<h3><\/h3>\n<\/div>\n","protected":false},"excerpt":{"rendered":"<p>M\u00f6lln (aa). Die Stadt M\u00f6lln trauert um ihren Mitarbeiter und Till-Eulenspiegel-Darsteller Mario Sch\u00e4fer. Das ist einer aktuellen Meldung auf der Internseite der Stadt zu lesen. Demnach ist Sch\u00e4fer &#8222;v\u00f6llig \u00fcberraschend im Alter von 52 Jahren verstorben&#8220;. Die komplette Meldung ist unter http:\/\/www.moelln.de\/aktuelles\/mitteilungen\/nachruf.html zu finden. Mario Sch\u00e4fer mimte den Narren nicht nur bei unz\u00e4hligen offiziellen Anl\u00e4ssen, [&hellip;]<\/p>\n","protected":false},"author":6,"featured_media":0,"comment_status":"open","ping_status":"closed","sticky":false,"template":"","format":"standard","meta":{"jnews-multi-image_gallery":[],"jnews_single_post":[],"jnews_primary_category":[],"jnews_social_meta":[],"jnews_override_counter":[],"jnews_post_split":[],"footnotes":""},"categories":[63,66],"tags":[600],"class_list":["post-11513","post","type-post","status-publish","format-standard","hentry","category-herzogtum-lauenburg","category-moelln","tag-till-eulenspiegel"],"_links":{"self":[{"href":"https:\/\/herzogtum-direkt.de\/index.php\/wp-json\/wp\/v2\/posts\/11513","targetHints":{"allow":["GET"]}}],"collection":[{"href":"https:\/\/herzogtum-direkt.de\/index.php\/wp-json\/wp\/v2\/posts"}],"about":[{"href":"https:\/\/herzogtum-direkt.de\/index.php\/wp-json\/wp\/v2\/types\/post"}],"author":[{"embeddable":true,"href":"https:\/\/herzogtum-direkt.de\/index.php\/wp-json\/wp\/v2\/users\/6"}],"replies":[{"embeddable":true,"href":"https:\/\/herzogtum-direkt.de\/index.php\/wp-json\/wp\/v2\/comments?post=11513"}],"version-history":[{"count":1,"href":"https:\/\/herzogtum-direkt.de\/index.php\/wp-json\/wp\/v2\/posts\/11513\/revisions"}],"predecessor-version":[{"id":11514,"href":"https:\/\/herzogtum-direkt.de\/index.php\/wp-json\/wp\/v2\/posts\/11513\/revisions\/11514"}],"wp:attachment":[{"href":"https:\/\/herzogtum-direkt.de\/index.php\/wp-json\/wp\/v2\/media?parent=11513"}],"wp:term":[{"taxonomy":"category","embeddable":true,"href":"https:\/\/herzogtum-direkt.de\/index.php\/wp-json\/wp\/v2\/categories?post=11513"},{"taxonomy":"post_tag","embeddable":true,"href":"https:\/\/herzogtum-direkt.de\/index.php\/wp-json\/wp\/v2\/tags?post=11513"}],"curies":[{"name":"wp","href":"https:\/\/api.w.org\/{rel}","templated":true}]}}