{"id":11443,"date":"2019-02-03T11:06:33","date_gmt":"2019-02-03T10:06:33","guid":{"rendered":"https:\/\/herzogtum-direkt.de\/?p=11443"},"modified":"2019-02-03T11:06:33","modified_gmt":"2019-02-03T10:06:33","slug":"die-schulen-im-wandel-der-zeiten-amtsarchiv-buechen-sucht-historische-fotos","status":"publish","type":"post","link":"https:\/\/herzogtum-direkt.de\/index.php\/2019\/02\/03\/die-schulen-im-wandel-der-zeiten-amtsarchiv-buechen-sucht-historische-fotos\/","title":{"rendered":"Die Schulen im Wandel der Zeiten: Amtsarchiv B\u00fcchen sucht historische Fotos"},"content":{"rendered":"<p><strong>B\u00fcchen (pm). <\/strong>Im Juni und Juli 2019 ist das Thema im Caf\u00e9 der Priesterkate B\u00fcchen \u201eDie Schulen im Amt B\u00fcchen im Wandel der Zeiten\u201c. F\u00fcr diese Ausstellung sucht das Amtsarchiv B\u00fcchen historische Fotos von B\u00fcrgern aus den Gemeinden B\u00fcchen, Besenthal, Br\u00f6then, Fitzen, G\u00f6ttin, Gudow, G\u00fcster, Klein Pampau, Langenlehsten, M\u00fcssen, Roseburg, Schulendorf, Siebeneichen, Tramm und Witzeeze.<\/p>\n<p>Mit den Ver\u00e4nderungen in der Gesellschaft ver\u00e4nderten sich auch die Schulen in den Gemeinden des Amtes B\u00fcchen: Von den kleinen Grundschulen auf den D\u00f6rfern hin zum Schulzentrum im Zentralort B\u00fcchen mit mehreren Schularten und modernen und umfassenden Lern- und F\u00f6rderangeboten f\u00fcr die Sch\u00fclerinnen und Sch\u00fcler. Mit dem Wandel in der Ausbildung der Kinder und Jugendlichen ver\u00e4nderten sich mit den Jahrzehnten die Anforderungen an die Geb\u00e4ude und deren Ausstattung. Auch die Schularten im Amt B\u00fcchen unterlagen mit den Ver\u00e4nderungen in der Gesellschaft, der politischen Systeme und den Schulreformen dem Wandel: Von der Grundschule, F\u00f6rderschule und der Realschule hin zur Offenen Ganztagsschule und zur modernen Gemeinschaftsschule mit gymnasialer Oberstufe. Die Ausstellung in der Priesterkate dokumentiert diesen Wandel in den Gemeinden des Amtes B\u00fcchen.<\/p>\n<p>Wer der Gemeinde B\u00fcchen alte Fotos von Schulen , Schulkassen oder aus dem schulischen Leben zur Verf\u00fcgung stellen m\u00f6chte (dauerhaft oder leihweise), kann sich mit Dr. Heinz Bohlmann (Gemeinde B\u00fcchen) in Verbindung setzen: Telefon 04155 8009-215, Email an <a href=\"mailto:heinz.bohlmann@gemeinde-buechen.de\">heinz.bohlmann@gemeinde-buechen.de<\/a>.<\/p>\n","protected":false},"excerpt":{"rendered":"<p>B\u00fcchen (pm). Im Juni und Juli 2019 ist das Thema im Caf\u00e9 der Priesterkate B\u00fcchen \u201eDie Schulen im Amt B\u00fcchen im Wandel der Zeiten\u201c. F\u00fcr diese Ausstellung sucht das Amtsarchiv B\u00fcchen historische Fotos von B\u00fcrgern aus den Gemeinden B\u00fcchen, Besenthal, Br\u00f6then, Fitzen, G\u00f6ttin, Gudow, G\u00fcster, Klein Pampau, Langenlehsten, M\u00fcssen, Roseburg, Schulendorf, Siebeneichen, Tramm und Witzeeze. [&hellip;]<\/p>\n","protected":false},"author":2,"featured_media":11444,"comment_status":"open","ping_status":"closed","sticky":false,"template":"","format":"standard","meta":{"jnews-multi-image_gallery":[],"jnews_single_post":[],"jnews_primary_category":[],"jnews_social_meta":[],"jnews_override_counter":[],"jnews_post_split":[],"footnotes":""},"categories":[73],"tags":[141,139],"class_list":["post-11443","post","type-post","status-publish","format-standard","has-post-thumbnail","hentry","category-landleute","tag-buechen","tag-priesterkate-buechen"],"_links":{"self":[{"href":"https:\/\/herzogtum-direkt.de\/index.php\/wp-json\/wp\/v2\/posts\/11443","targetHints":{"allow":["GET"]}}],"collection":[{"href":"https:\/\/herzogtum-direkt.de\/index.php\/wp-json\/wp\/v2\/posts"}],"about":[{"href":"https:\/\/herzogtum-direkt.de\/index.php\/wp-json\/wp\/v2\/types\/post"}],"author":[{"embeddable":true,"href":"https:\/\/herzogtum-direkt.de\/index.php\/wp-json\/wp\/v2\/users\/2"}],"replies":[{"embeddable":true,"href":"https:\/\/herzogtum-direkt.de\/index.php\/wp-json\/wp\/v2\/comments?post=11443"}],"version-history":[{"count":1,"href":"https:\/\/herzogtum-direkt.de\/index.php\/wp-json\/wp\/v2\/posts\/11443\/revisions"}],"predecessor-version":[{"id":11445,"href":"https:\/\/herzogtum-direkt.de\/index.php\/wp-json\/wp\/v2\/posts\/11443\/revisions\/11445"}],"wp:featuredmedia":[{"embeddable":true,"href":"https:\/\/herzogtum-direkt.de\/index.php\/wp-json\/wp\/v2\/media\/11444"}],"wp:attachment":[{"href":"https:\/\/herzogtum-direkt.de\/index.php\/wp-json\/wp\/v2\/media?parent=11443"}],"wp:term":[{"taxonomy":"category","embeddable":true,"href":"https:\/\/herzogtum-direkt.de\/index.php\/wp-json\/wp\/v2\/categories?post=11443"},{"taxonomy":"post_tag","embeddable":true,"href":"https:\/\/herzogtum-direkt.de\/index.php\/wp-json\/wp\/v2\/tags?post=11443"}],"curies":[{"name":"wp","href":"https:\/\/api.w.org\/{rel}","templated":true}]}}