{"id":11438,"date":"2019-02-03T10:55:27","date_gmt":"2019-02-03T09:55:27","guid":{"rendered":"https:\/\/herzogtum-direkt.de\/?p=11438"},"modified":"2019-02-03T10:55:27","modified_gmt":"2019-02-03T09:55:27","slug":"fruehjahrskonzert-der-moehnsener-musikanten","status":"publish","type":"post","link":"https:\/\/herzogtum-direkt.de\/index.php\/2019\/02\/03\/fruehjahrskonzert-der-moehnsener-musikanten\/","title":{"rendered":"Fr\u00fchjahrskonzert der M\u00f6hnsener Musikanten"},"content":{"rendered":"<p><strong>Basthorst (pm). <\/strong>Ab sofort gibt es wieder die Eintrittskarten f\u00fcr das Fr\u00fchjahrskonzert der M\u00f6hnsener Musikanten. Das Fr\u00fchjahrskonzert findet statt am Sonntag, 28. April 2019, ab 15 Uhr im sogenannten Kuhstall auf Gut Basthorst.<\/p>\n<p>Die 30 Musiker des M\u00f6hnsener Musikvereins pr\u00e4sentieren ein umfangreiches und abwechslungsreiches Programm mit viel Polka, Marsch, Walzer und beliebten Evergreens. Auch das M\u00f6hnsener Jugendblasorchester wird wieder sein K\u00f6nnen unter Beweis stellen.<\/p>\n<p>Die Konzertkarten gibt es an folgenden Vorverkaufsstellen:<\/p>\n<p>Schwarzenbek: Reiseb\u00fcro Neumann, Lauenburger Str. 5; B\u00fcchen: Schreibwaren Pappert, Lauenburger Str. 10a; Trittau: Presse-Center Hagedorn, Bahnhofstr. 7; Gut Basthorst: Gutsverwaltung, Tel. 04159 \u2013 82520; M\u00f6hnsen: Heinrich Hamester, Tel.: 04159 &#8211; 323 (Karten werden dann auch gerne zugesandt); und bei Gerda Schmiegel, Tel.: 04159 \u2013 203; E-Mailbestellung bitte an <a href=\"mailto:info@moehnsen.de\">info@moehnsen.de<\/a>.<\/p>\n<p>Der Eintritt betr\u00e4gt 10 Euro im Vorverkauf, an der Tageskasse kosten die Karten 12 Euro. Kinder unter 14 Jahren haben freien Eintritt. Weitere Infos auf <a href=\"http:\/\/www.moehnsen.de\" target=\"_blank\" rel=\"noopener\">www.moehnsen.de<\/a>.<\/p>\n","protected":false},"excerpt":{"rendered":"<p>Basthorst (pm). Ab sofort gibt es wieder die Eintrittskarten f\u00fcr das Fr\u00fchjahrskonzert der M\u00f6hnsener Musikanten. Das Fr\u00fchjahrskonzert findet statt am Sonntag, 28. April 2019, ab 15 Uhr im sogenannten Kuhstall auf Gut Basthorst. Die 30 Musiker des M\u00f6hnsener Musikvereins pr\u00e4sentieren ein umfangreiches und abwechslungsreiches Programm mit viel Polka, Marsch, Walzer und beliebten Evergreens. Auch das [&hellip;]<\/p>\n","protected":false},"author":2,"featured_media":11439,"comment_status":"open","ping_status":"closed","sticky":false,"template":"","format":"standard","meta":{"jnews-multi-image_gallery":[],"jnews_single_post":[],"jnews_primary_category":[],"jnews_social_meta":[],"jnews_override_counter":[],"jnews_post_split":[],"footnotes":""},"categories":[70],"tags":[321,867],"class_list":["post-11438","post","type-post","status-publish","format-standard","has-post-thumbnail","hentry","category-kultur","tag-basthorst","tag-moehnsener-musikanten"],"_links":{"self":[{"href":"https:\/\/herzogtum-direkt.de\/index.php\/wp-json\/wp\/v2\/posts\/11438","targetHints":{"allow":["GET"]}}],"collection":[{"href":"https:\/\/herzogtum-direkt.de\/index.php\/wp-json\/wp\/v2\/posts"}],"about":[{"href":"https:\/\/herzogtum-direkt.de\/index.php\/wp-json\/wp\/v2\/types\/post"}],"author":[{"embeddable":true,"href":"https:\/\/herzogtum-direkt.de\/index.php\/wp-json\/wp\/v2\/users\/2"}],"replies":[{"embeddable":true,"href":"https:\/\/herzogtum-direkt.de\/index.php\/wp-json\/wp\/v2\/comments?post=11438"}],"version-history":[{"count":1,"href":"https:\/\/herzogtum-direkt.de\/index.php\/wp-json\/wp\/v2\/posts\/11438\/revisions"}],"predecessor-version":[{"id":11440,"href":"https:\/\/herzogtum-direkt.de\/index.php\/wp-json\/wp\/v2\/posts\/11438\/revisions\/11440"}],"wp:featuredmedia":[{"embeddable":true,"href":"https:\/\/herzogtum-direkt.de\/index.php\/wp-json\/wp\/v2\/media\/11439"}],"wp:attachment":[{"href":"https:\/\/herzogtum-direkt.de\/index.php\/wp-json\/wp\/v2\/media?parent=11438"}],"wp:term":[{"taxonomy":"category","embeddable":true,"href":"https:\/\/herzogtum-direkt.de\/index.php\/wp-json\/wp\/v2\/categories?post=11438"},{"taxonomy":"post_tag","embeddable":true,"href":"https:\/\/herzogtum-direkt.de\/index.php\/wp-json\/wp\/v2\/tags?post=11438"}],"curies":[{"name":"wp","href":"https:\/\/api.w.org\/{rel}","templated":true}]}}