{"id":11361,"date":"2019-01-31T06:49:11","date_gmt":"2019-01-31T05:49:11","guid":{"rendered":"https:\/\/herzogtum-direkt.de\/?p=11361"},"modified":"2019-02-01T11:50:11","modified_gmt":"2019-02-01T10:50:11","slug":"kultur-koennte-ein-wenig-mehr-lobbyarbeit-vertragen","status":"publish","type":"post","link":"https:\/\/herzogtum-direkt.de\/index.php\/2019\/01\/31\/kultur-koennte-ein-wenig-mehr-lobbyarbeit-vertragen\/","title":{"rendered":"&#8218;Kultur k\u00f6nnte ein wenig mehr Lobbyarbeit vertragen&#8216;"},"content":{"rendered":"<p>Mit wem lie\u00dfe sich besser \u00fcber das Thema Kultur plaudern als mit Meinhard F\u00fcllner? Der Kreispr\u00e4sident ist in der Region tief verwurzelt. In der Lokalpolitik ist er bereits seit den 70er Jahren aktiv. Er kennt das kulturelle Hier und Jetzt im Kreis, und er kennt die kulturelle Vergangenheit. Als K\u00fcnstler ist er zudem aktiv daran beteiligt. Im Interview mit <a href=\"http:\/\/kulturportal-herzogtum.de\" target=\"_blank\" rel=\"noopener\">Kulturportal-Herzogtum.de<\/a> wird deutlich, dass ihm die F\u00f6rderung der Kultur ein Herzensanliegen ist. Knapp zwei Stunden steht er in seinem B\u00fcro im Alten Kreishaus Rede und Antwort.<\/p>\n<p><em>Kulturportal-Herzogtum.de: Herr F\u00fcllner, was verstehen Sie unter Kultur?<\/em><\/p>\n<p><strong>Meinhard F\u00fcllner:<\/strong> Kultur ist f\u00fcr mich das, was das Leben \u00fcber den Alltag und Werktag hinaus lebenswert macht. Da geh\u00f6rt das ganze Spektrum zu \u2013 Musik, Literatur, Bildende Kunst, Forschung, Lehre. Deshalb sind Diskussionen \u00fcber Kultur auch immer sehr schwierig, weil jeder etwas anderes darunter versteht.<\/p>\n<p><em>KP: Welche Bedeutung hat die Kultur f\u00fcr uns und unser Zusammenleben?<\/em><\/p>\n<p><strong>F\u00fcllner:<\/strong> Die Kultur ist wesentlicher Bestandteil f\u00fcr unsere Identit\u00e4t. Der Mensch manifestiert sich nicht nur in der Landschaft, sondern auch woran er sich kulturell erinnert. Welche Musik hat er geh\u00f6rt? Welche Sprache hat er gelernt? Gerade in unserer technischen und immer unpers\u00f6nlicher werdenden Welt brauch wir solch emotionale Anker. Die Menschen m\u00fcssen sich mit der Heimat identifizieren k\u00f6nnen.<\/p>\n<p><em>KP: Gerade wegen des technologischen Fortschritts wird derzeit gerne einer Identit\u00e4tskrise das Wort geredet. Ein h\u00e4ufig genanntes Stichwort ist hier das Vereinssterben.<\/em><\/p>\n<p><strong>F\u00fcllner:<\/strong> Die Vereine haben Probleme, weil die Menschen sich nicht mehr binden wollen. Man muss sich bewusst sein, dass die Zeiten sich \u00e4ndern, dass junge Leute heute v\u00f6llig andere Pr\u00e4ferenzen haben. Wenn wir erfolgreich sein wollen, m\u00fcssen wir uns dem Interesse der Menschen stellen. Ein Beispiel: Sie kriegen keinen jungen Menschen zu Plattdeutsch-Lesungen mit irgendwelchen D\u00f6ntjes. Sie kriegen sie aber zu Veranstaltungen, wo junge Leute tolle Reime auf Niederdeutsch gestalten. Die Sprache muss zeitgem\u00e4\u00dfer dargestellt werden. Ganz allgemein m\u00fcssen wir uns in der Kulturf\u00f6rderung m\u00f6glichst breit aufstellen und alle Altersgruppen im Blick haben.<\/p>\n<figure id=\"attachment_11366\" aria-describedby=\"caption-attachment-11366\" style=\"width: 1000px\" class=\"wp-caption alignleft\"><a href=\"https:\/\/herzogtum-direkt.de\/wp-content\/uploads\/2019\/01\/fuellner_portraet.jpg\"><img fetchpriority=\"high\" decoding=\"async\" class=\"size-full wp-image-11366\" src=\"https:\/\/herzogtum-direkt.de\/wp-content\/uploads\/2019\/01\/fuellner_portraet.jpg\" alt=\"\" width=\"1000\" height=\"516\" srcset=\"https:\/\/herzogtum-direkt.de\/wp-content\/uploads\/2019\/01\/fuellner_portraet.jpg 1000w, https:\/\/herzogtum-direkt.de\/wp-content\/uploads\/2019\/01\/fuellner_portraet-300x155.jpg 300w, https:\/\/herzogtum-direkt.de\/wp-content\/uploads\/2019\/01\/fuellner_portraet-768x396.jpg 768w, https:\/\/herzogtum-direkt.de\/wp-content\/uploads\/2019\/01\/fuellner_portraet-696x359.jpg 696w, https:\/\/herzogtum-direkt.de\/wp-content\/uploads\/2019\/01\/fuellner_portraet-814x420.jpg 814w\" sizes=\"(max-width: 1000px) 100vw, 1000px\" \/><\/a><figcaption id=\"caption-attachment-11366\" class=\"wp-caption-text\">Kreispr\u00e4sident Meinhard F\u00fcllner. Foto: kulturportal-herzogtum.de<\/figcaption><\/figure>\n<p><em>KP: Sehen Sie da Defizite?<\/em><\/p>\n<p><strong>F\u00fcllner:<\/strong> Kultur k\u00f6nnte schon ein wenig mehr Lobbyarbeit in einigen kommunalen Entscheidungsgremien vertragen. Sch\u00f6n w\u00e4re es, wenn jede Kommune Mitglied im F\u00f6rderkreis f\u00fcr die Stiftung Herzogtum Lauenburg w\u00e4re. Schlie\u00dflich soll deren Kulturarbeit f\u00fcr alle im Kreis einen Nutzen haben.<\/p>\n<p><em>KP: Gibt es eigentlich so etwas wie eine spezielle \u201elauenburgische Kultur\u201c?<\/em><\/p>\n<p><strong>F\u00fcllner:<\/strong> Jeder Raum hat seine eigene Kultur. Das Spezifische liegt in der eigenen Geschichte, die sich darin verbindet und verkn\u00fcpft. Sichtbar wird dies beispielsweise in der Architektur. Ansonsten ist Kultur davon abh\u00e4ngig, wie die jeweilige Generation sie gestaltet. Ein hervorragendes Beispiel daf\u00fcr ist der KulturSommer am Kanal. Er hat sich toll entwickelt und ist zu einer Marke geworden. Durch Frank D\u00fcwel haben wir da Output von au\u00dfen bekommen. Er hat kreative Potentiale gehoben, die sonst noch im Verborgenen schlummern w\u00fcrden.<\/p>\n<p><em>KP: Sehen Sie allgemein noch Verbesserungspotential?<\/em><\/p>\n<p><strong>F\u00fcllner:<\/strong> Es macht Sinn, unsere Kulturtr\u00e4ger miteinander zu verkn\u00fcpfen \u2013 das K\u00fcnstlerhaus Lauenburg, das Amtsrichterhaus in Schwarzenbek, die Stiftung Herzogtum Lauenburg, die Galerie Noffke. Die Einrichtungen k\u00f6nnten sich gegenseitig befruchten. In Steinhorst haben wir eine der gr\u00f6\u00dften landwirtschaftlichen Sammlungen im Land. Sie wird ehrenamtlich betrieben und steht im Bild der \u00d6ffentlichkeit unter Wert, weil es ehrenamtlich betrieben wird. Wir m\u00fcssen diese tolle Sammlung besser nutzen. Au\u00dferdem waren und sind wir die kulturelle Br\u00fccke zu Mecklenburg \u2013 diese ehemals enge Verzahnung m\u00fcssen wir wiederbeleben.<\/p>\n<p><em>KP: Wir sprechen hier gerade \u00fcber Kultur und Kulturarbeit im Kreis Herzogtum Lauenburg. Wenn ich mich mit K\u00fcnstlern oder Kulturschaffenden unterhalte, ist oft vom Nordkreis und S\u00fcdkreis die Rede. Woher r\u00fchrt diese Aufteilung?<\/em><\/p>\n<p><strong>F\u00fcllner:<\/strong> Das h\u00e4ngt damit zusammen, dass durch das Gro\u00df-Hamburg-Gesetz erst 1936 einige Teile des Kreises zu uns gekommen sind. Hinzu kommt, dass die Schwerpunkte der wirtschaftlichen Entwicklung im S\u00fcden und die der kulturellen Entwicklung im Norden stattfinden. Das m\u00fcssen wir noch mehr zueinander bringen.<\/p>\n<p><em>KP: Was kann man f\u00fcr das Zusammengeh\u00f6rigkeitsgef\u00fchl tun?<\/em><\/p>\n<p><strong>F\u00fcllner:<\/strong> Viele Menschen im bev\u00f6lkerungsreichen S\u00fcden sind durch den Hamburger Raum gepr\u00e4gt. Um die Identifikation mit dem Kreis zu erh\u00f6hen, m\u00fcssen wir im S\u00fcden unser eigenes kulturelles Programm sicherstellen. Das kulturelle Interesse darf nicht der Sogwirkung Hamburgs erliegen. Deshalb ist die Stiftung Herzogtum Lauenburg auch sehr bewusst im S\u00fcden aktiv. Deshalb hat der Kreis die finanzielle F\u00f6rderung f\u00fcr das K\u00fcnstlerhaus Lauenburg aufgestockt.<\/p>\n<p><em>KP: Sie leben seit ihrer Kindheit in der Region und sind im Kreis seit Jahrzehnten politisch und k\u00fcnstlerisch aktiv. Wie hat sich die Kultur ihrer Meinung nach entwickelt?<\/em><\/p>\n<p><strong>F\u00fcllner:<\/strong> Dadurch dass der Kreis die Kulturf\u00f6rderung der Stiftung Herzogtum Lauenburg \u00fcbertragen hat und dank der Unterst\u00fctzung der Kreissparkasse Herzogtum Lauenburg hat sie sich stark vitalisiert. Fr\u00fcher war Kultur im Kreis das Kreismuseum, Weber, Goedtke oder<br \/>\nauch die Dommusiken. Heute haben wir das Bismarck-Museum und das Amtsrichterhaus. Oder die Scheune bei den von B\u00fclows, das Forum f\u00fcr Umwelt und Natur und \u00fcber den Kultursommer hinaus unz\u00e4hlige Events einer gro\u00dfen Kulturgemeinschaft. Das sind Beispiele daf\u00fcr, was hier in den letzten Jahren passiert ist.<\/p>\n<p><em>KP: Herr F\u00fcllner, ich danke f\u00fcr das Gespr\u00e4ch.<\/em><\/p>\n","protected":false},"excerpt":{"rendered":"<p>Mit wem lie\u00dfe sich besser \u00fcber das Thema Kultur plaudern als mit Meinhard F\u00fcllner? Der Kreispr\u00e4sident ist in der Region tief verwurzelt. In der Lokalpolitik ist er bereits seit den 70er Jahren aktiv. Er kennt das kulturelle Hier und Jetzt im Kreis, und er kennt die kulturelle Vergangenheit. Als K\u00fcnstler ist er zudem aktiv daran [&hellip;]<\/p>\n","protected":false},"author":33,"featured_media":11364,"comment_status":"open","ping_status":"closed","sticky":false,"template":"","format":"standard","meta":{"jnews-multi-image_gallery":[],"jnews_single_post":[],"jnews_primary_category":[],"jnews_social_meta":[],"jnews_override_counter":[],"jnews_post_split":[],"footnotes":""},"categories":[70,2],"tags":[1967,1226,1968,752],"class_list":["post-11361","post","type-post","status-publish","format-standard","has-post-thumbnail","hentry","category-kultur","category-startseite","tag-kreispraesident","tag-kultur","tag-meinhard-fuellner","tag-stiftung-herzogtum-lauenburg"],"_links":{"self":[{"href":"https:\/\/herzogtum-direkt.de\/index.php\/wp-json\/wp\/v2\/posts\/11361","targetHints":{"allow":["GET"]}}],"collection":[{"href":"https:\/\/herzogtum-direkt.de\/index.php\/wp-json\/wp\/v2\/posts"}],"about":[{"href":"https:\/\/herzogtum-direkt.de\/index.php\/wp-json\/wp\/v2\/types\/post"}],"author":[{"embeddable":true,"href":"https:\/\/herzogtum-direkt.de\/index.php\/wp-json\/wp\/v2\/users\/33"}],"replies":[{"embeddable":true,"href":"https:\/\/herzogtum-direkt.de\/index.php\/wp-json\/wp\/v2\/comments?post=11361"}],"version-history":[{"count":4,"href":"https:\/\/herzogtum-direkt.de\/index.php\/wp-json\/wp\/v2\/posts\/11361\/revisions"}],"predecessor-version":[{"id":11367,"href":"https:\/\/herzogtum-direkt.de\/index.php\/wp-json\/wp\/v2\/posts\/11361\/revisions\/11367"}],"wp:featuredmedia":[{"embeddable":true,"href":"https:\/\/herzogtum-direkt.de\/index.php\/wp-json\/wp\/v2\/media\/11364"}],"wp:attachment":[{"href":"https:\/\/herzogtum-direkt.de\/index.php\/wp-json\/wp\/v2\/media?parent=11361"}],"wp:term":[{"taxonomy":"category","embeddable":true,"href":"https:\/\/herzogtum-direkt.de\/index.php\/wp-json\/wp\/v2\/categories?post=11361"},{"taxonomy":"post_tag","embeddable":true,"href":"https:\/\/herzogtum-direkt.de\/index.php\/wp-json\/wp\/v2\/tags?post=11361"}],"curies":[{"name":"wp","href":"https:\/\/api.w.org\/{rel}","templated":true}]}}