{"id":10875,"date":"2019-01-21T08:56:14","date_gmt":"2019-01-21T07:56:14","guid":{"rendered":"https:\/\/herzogtum-direkt.de\/?p=10875"},"modified":"2019-01-21T08:56:14","modified_gmt":"2019-01-21T07:56:14","slug":"hachede-schule-geesthacht-nutzung-der-aussenstelle-der-beruflichen-schulen-vom-tisch-neubau-erforderlich","status":"publish","type":"post","link":"https:\/\/herzogtum-direkt.de\/index.php\/2019\/01\/21\/hachede-schule-geesthacht-nutzung-der-aussenstelle-der-beruflichen-schulen-vom-tisch-neubau-erforderlich\/","title":{"rendered":"Hachede Schule Geesthacht: Nutzung der Au\u00dfenstelle der beruflichen Schulen vom Tisch \u2013 Neubau erforderlich"},"content":{"rendered":"<p><strong>Geesthacht (pm).<\/strong> Noch vor einem Dreivierteljahr im Wahlkampf heftig umstritten gibt es nun zumindest f\u00fcr die Sch\u00fcler der Hachede Schule in Geesthacht eine Richtungsweisung. Auf der Tagesordnung des am 31. Januar tagenden Sozial-, Bildungs- und Kulturausschuss des Kreises soll die Kreisverwaltung beauftragt werden, umgehend und schnellstm\u00f6glich am jetzigen Standort ein Raumkonzept f\u00fcr das F\u00f6rderzentrum zu entwickeln.<\/p>\n<p>Gitta Neemann-G\u00fcntner, sozial-und bildungspolitische Sprecherin der SPD-Kreistagsfraktion zu der Vorlage: \u201eDie Kreisverwaltung hat in alle Richtungen offen die \u00f6rtlichen Gegebenheiten gepr\u00fcft und die urspr\u00fcngliche Idee, einen Fl\u00fcgel des BBZ zu nutzen, aus wirtschaftlichen und technischen Gr\u00fcnden nunmehr verworfen. Das ist verantwortungsvoll und dokumentiert die F\u00fcrsorge um die Sch\u00fclerinnen und Sch\u00fcler an den kreiseignen Schulen. Ich bin \u00fcber diesen Beschlussentwurf allerdings sehr erleichtert, denn er spiegelt vor allem den Willen der Eltern wieder, die von Anfang an sehr skeptisch waren gegen\u00fcber eines &#8218;gl\u00e4sernen Verbindungsganges&#8216; zwischen beiden Schulstandorten.<\/p>\n<p>Nun liegt der Ball bei der Hachede-Schule, noch in diesem Monat Raumanforderungen zu formulieren, insbesondere, um dem &#8218;Werkstufenkonzept&#8216; entsprechend Platz zu geben. Ein Anbau auf dem Schulgel\u00e4nde wird also erfolgen.<\/p>\n<p>F\u00fcr die SPD ist klar, dass sp\u00e4testens bis zum Sommer alle relevanten Eckdaten, d.h. zeitlich, finanziell und r\u00e4umlich, auf dem Tisch liegen m\u00fcssen. Damit verbunden ist ebenfalls eine Neuregelung der Parksituation f\u00fcr 17 Schulbusse.<\/p>\n<p>Und auch die &#8218;Schwesterschule&#8216; in M\u00f6lln, die Schule Steinfeld, steht in den Startl\u00f6chern. In M\u00f6lln geht es um eine neue, innovative Campus- Idee gemeinsam mit der Tanneck-Schule. Angedacht ist hier eine Kooperation zwischen der Stadt M\u00f6lln und dem Kreis. Arbeitsgruppen haben getagt und nun m\u00fcssen die gemeinsamen Ideen weiterentwickelt oder verworfen werden. Als Sozialdemokraten dr\u00e4ngen wir darauf, bis zum Sommer eine Entscheidung zu treffen. Ansonsten k\u00e4me f\u00fcr die Schule Steinfeld nur ein Anbau in Betracht. Wichtig ist uns, dass die schulpolitischen Entscheidungen f\u00fcr kreiseigene Schulen nicht auf die lange Bank geschoben werden\u201c, so Neemann-G\u00fcntner abschlie\u00dfend.<\/p>\n","protected":false},"excerpt":{"rendered":"<p>Geesthacht (pm). Noch vor einem Dreivierteljahr im Wahlkampf heftig umstritten gibt es nun zumindest f\u00fcr die Sch\u00fcler der Hachede Schule in Geesthacht eine Richtungsweisung. Auf der Tagesordnung des am 31. Januar tagenden Sozial-, Bildungs- und Kulturausschuss des Kreises soll die Kreisverwaltung beauftragt werden, umgehend und schnellstm\u00f6glich am jetzigen Standort ein Raumkonzept f\u00fcr das F\u00f6rderzentrum zu [&hellip;]<\/p>\n","protected":false},"author":2,"featured_media":1186,"comment_status":"open","ping_status":"closed","sticky":false,"template":"","format":"standard","meta":{"jnews-multi-image_gallery":[],"jnews_single_post":[],"jnews_primary_category":[],"jnews_social_meta":[],"jnews_override_counter":[],"jnews_post_split":[],"footnotes":""},"categories":[63],"tags":[249,1922],"class_list":["post-10875","post","type-post","status-publish","format-standard","has-post-thumbnail","hentry","category-herzogtum-lauenburg","tag-geesthacht","tag-hachede-schule"],"_links":{"self":[{"href":"https:\/\/herzogtum-direkt.de\/index.php\/wp-json\/wp\/v2\/posts\/10875","targetHints":{"allow":["GET"]}}],"collection":[{"href":"https:\/\/herzogtum-direkt.de\/index.php\/wp-json\/wp\/v2\/posts"}],"about":[{"href":"https:\/\/herzogtum-direkt.de\/index.php\/wp-json\/wp\/v2\/types\/post"}],"author":[{"embeddable":true,"href":"https:\/\/herzogtum-direkt.de\/index.php\/wp-json\/wp\/v2\/users\/2"}],"replies":[{"embeddable":true,"href":"https:\/\/herzogtum-direkt.de\/index.php\/wp-json\/wp\/v2\/comments?post=10875"}],"version-history":[{"count":1,"href":"https:\/\/herzogtum-direkt.de\/index.php\/wp-json\/wp\/v2\/posts\/10875\/revisions"}],"predecessor-version":[{"id":10876,"href":"https:\/\/herzogtum-direkt.de\/index.php\/wp-json\/wp\/v2\/posts\/10875\/revisions\/10876"}],"wp:featuredmedia":[{"embeddable":true,"href":"https:\/\/herzogtum-direkt.de\/index.php\/wp-json\/wp\/v2\/media\/1186"}],"wp:attachment":[{"href":"https:\/\/herzogtum-direkt.de\/index.php\/wp-json\/wp\/v2\/media?parent=10875"}],"wp:term":[{"taxonomy":"category","embeddable":true,"href":"https:\/\/herzogtum-direkt.de\/index.php\/wp-json\/wp\/v2\/categories?post=10875"},{"taxonomy":"post_tag","embeddable":true,"href":"https:\/\/herzogtum-direkt.de\/index.php\/wp-json\/wp\/v2\/tags?post=10875"}],"curies":[{"name":"wp","href":"https:\/\/api.w.org\/{rel}","templated":true}]}}