{"id":10872,"date":"2019-01-21T08:51:10","date_gmt":"2019-01-21T07:51:10","guid":{"rendered":"https:\/\/herzogtum-direkt.de\/?p=10872"},"modified":"2019-01-21T08:51:10","modified_gmt":"2019-01-21T07:51:10","slug":"schnelle-moellner-beim-ahrensburger-luemmellauf","status":"publish","type":"post","link":"https:\/\/herzogtum-direkt.de\/index.php\/2019\/01\/21\/schnelle-moellner-beim-ahrensburger-luemmellauf\/","title":{"rendered":"Schnelle M\u00f6llner beim Ahrensburger L\u00fcmmellauf"},"content":{"rendered":"<p><strong>M\u00f6lln\/Ahrensburg (pm).<\/strong> Am Sonntag, 20. Januar, wurde bereits der 41. L\u00fcmmellauf in Ahrensburg bei zwar eisiger K\u00e4lte jedoch zugleich strahlendem Sonnenschein gestartet. Seinen etwas ungew\u00f6hnlichen Namen hat dieser Lauf wegen der warmen Wurst, dem L\u00fcmmel, den jeder Teilnehmer im Ziel zur St\u00e4rkung gereicht bekommt.<\/p>\n<p>Es standen die Distanzen \u00fcber ein, f\u00fcnf, zehn und 20 Kilometer zur Wahl. Wie bereits zig mal zuvor nahmen auch Sportler der M\u00f6llner Sportvereinigung am 20-Kilometer-Lauf teil. Dabei waren diese sehr erfolgreich und belegten mehrere vordere Platzierungen in den jeweiligen Altersklassen.<\/p>\n<p>Allen M\u00f6llnern voran rannte Mathias Quandt als zehnte in der Gesamtwertung (169 Finisher) und zweiter in der hart umk\u00e4mpften Altersklasse (AK) M 50 ins Ziel. Gefolgt von Martin Mews in der schnellen Zeit von 1:27:47 Std, f\u00fcr den es den 17. Platz gesamt und sogar den Sieg in der AK M 60 bedeutete. Einen weiteren Altersklassensieg konnte die drittschnellste M\u00f6llner-SV-L\u00e4uferin Gabriela Lange in der AK W 55 erringen beziehungsweise erlaufen.<\/p>\n<p>Anschlie\u00dfend liefen Jan Kauert (AK M 40) und Normann Werbel (AK M 45) \u00fcber die Ziellinie. F\u00fcr beide standen weder Zeit noch Platzierung so sehr im Vordergrund. Vielmehr war es einer von vielen Vorbereitungswettk\u00e4mpfen f\u00fcr die folgenden Marathonl\u00e4ufe in Hannover und Madrid im April diesen Jahres.<\/p>\n","protected":false},"excerpt":{"rendered":"<p>M\u00f6lln\/Ahrensburg (pm). Am Sonntag, 20. Januar, wurde bereits der 41. L\u00fcmmellauf in Ahrensburg bei zwar eisiger K\u00e4lte jedoch zugleich strahlendem Sonnenschein gestartet. Seinen etwas ungew\u00f6hnlichen Namen hat dieser Lauf wegen der warmen Wurst, dem L\u00fcmmel, den jeder Teilnehmer im Ziel zur St\u00e4rkung gereicht bekommt. Es standen die Distanzen \u00fcber ein, f\u00fcnf, zehn und 20 Kilometer [&hellip;]<\/p>\n","protected":false},"author":2,"featured_media":10873,"comment_status":"open","ping_status":"closed","sticky":false,"template":"","format":"standard","meta":{"jnews-multi-image_gallery":[],"jnews_single_post":[],"jnews_primary_category":[],"jnews_social_meta":[],"jnews_override_counter":[],"jnews_post_split":[],"footnotes":""},"categories":[71],"tags":[273,358],"class_list":["post-10872","post","type-post","status-publish","format-standard","has-post-thumbnail","hentry","category-sport","tag-leichtathletik","tag-msv"],"_links":{"self":[{"href":"https:\/\/herzogtum-direkt.de\/index.php\/wp-json\/wp\/v2\/posts\/10872","targetHints":{"allow":["GET"]}}],"collection":[{"href":"https:\/\/herzogtum-direkt.de\/index.php\/wp-json\/wp\/v2\/posts"}],"about":[{"href":"https:\/\/herzogtum-direkt.de\/index.php\/wp-json\/wp\/v2\/types\/post"}],"author":[{"embeddable":true,"href":"https:\/\/herzogtum-direkt.de\/index.php\/wp-json\/wp\/v2\/users\/2"}],"replies":[{"embeddable":true,"href":"https:\/\/herzogtum-direkt.de\/index.php\/wp-json\/wp\/v2\/comments?post=10872"}],"version-history":[{"count":1,"href":"https:\/\/herzogtum-direkt.de\/index.php\/wp-json\/wp\/v2\/posts\/10872\/revisions"}],"predecessor-version":[{"id":10874,"href":"https:\/\/herzogtum-direkt.de\/index.php\/wp-json\/wp\/v2\/posts\/10872\/revisions\/10874"}],"wp:featuredmedia":[{"embeddable":true,"href":"https:\/\/herzogtum-direkt.de\/index.php\/wp-json\/wp\/v2\/media\/10873"}],"wp:attachment":[{"href":"https:\/\/herzogtum-direkt.de\/index.php\/wp-json\/wp\/v2\/media?parent=10872"}],"wp:term":[{"taxonomy":"category","embeddable":true,"href":"https:\/\/herzogtum-direkt.de\/index.php\/wp-json\/wp\/v2\/categories?post=10872"},{"taxonomy":"post_tag","embeddable":true,"href":"https:\/\/herzogtum-direkt.de\/index.php\/wp-json\/wp\/v2\/tags?post=10872"}],"curies":[{"name":"wp","href":"https:\/\/api.w.org\/{rel}","templated":true}]}}