{"id":10726,"date":"2016-02-26T10:14:39","date_gmt":"2016-02-26T09:14:39","guid":{"rendered":"https:\/\/herzogtum-direkt.de\/?p=10726"},"modified":"2019-01-16T10:20:28","modified_gmt":"2019-01-16T09:20:28","slug":"buergermeisterwahl-2016-in-moelln-interview-mit-anja-reimann","status":"publish","type":"post","link":"https:\/\/herzogtum-direkt.de\/index.php\/2016\/02\/26\/buergermeisterwahl-2016-in-moelln-interview-mit-anja-reimann\/","title":{"rendered":"B\u00fcrgermeisterwahl 2016 in M\u00f6lln: Interview mit Anja Reimann"},"content":{"rendered":"<div>\n<p class=\"rtejustify\"><em><strong>Herzogtum direkt: Frau Reimann, als Vorsitzende der M\u00f6llner Sportvereinigung, Mitglieder der Stadtvertretung, Rechtsanw\u00e4ltin mit eigener Kanzlei und Mutter zweier Kinder d\u00fcrfte Sie in der Vergangenheit bereits gut ausgelastet gewesen sein. Der Job als B\u00fcrgermeisterin wird vermutlich noch mehr Einsatz fordern. Was reizt Sie an dieser Aufgabe? Gerade in Zeiten leerer Kassen und einer immer noch andauernden Fl\u00fcchtlingskrise erwartet Sie eine nicht gerade leicht zu bew\u00e4ltigende Aufgabe.<\/strong><\/em><\/p>\n<p><strong>Anja Reimann: <\/strong>Seit vielen Jahren engagiere ich mich neben meiner hauptberuflichen T\u00e4tigkeit als selbst\u00e4ndige Rechtsanw\u00e4ltin in verschiedenen Ehren\u00e4mtern. Das wohl bekannteste Amt, dass man mit meinem Namen verbindet, ist das der 1. Vorsitzenden der M\u00f6llner Sportvereinigung. Kommunalpolitisch engagiere ich mich seit 2010. Seit 2013 bin ich Ratsherrin in der Stadtvertretung M\u00f6lln und im Jahr darauf bin ich als Abgeordnete in den Lauenburgischen Kreistag nachger\u00fcckt. Die Vereinbarkeit von Familie, Beruf und Ehrenamt hat in den vergangenen Jahren wunderbar funktioniert, auch weil ich stets auf die volle Unterst\u00fctzung meines Mannes und meiner Eltern, die mit uns in einem Haus wohnen, z\u00e4hlen kann. Nicht zu vergessen ist auch, dass es im Wesentlichen zu einer Umverlagerung kommen wird, denn mit der Wahl zu B\u00fcrgermeisterin werde ich meinen bisherigen Hauptberuf und meine Ehren\u00e4mter aufgeben. Der weiteren Mehrbelastung, sehe ich daher mit Gelassenheit entgegen, da ich auf ein stabiles Netzwerk zur\u00fcckgreifen kann.<\/p>\n<p class=\"rtejustify\">Reiz der Aufgabe: Neben meinem Beruf erlauben mir gerade meine vielf\u00e4ltigen Ehren\u00e4mter einen tiefen Einblick in kommunale Zusammenh\u00e4nge. Durch mein Kreistagsmandat reicht dieser Blick auch \u00fcber den &#8222;Tellerrand M\u00f6llns&#8220; hinaus.<\/p>\n<p class=\"rtejustify\">Aus meiner Sicht ergeben sich f\u00fcr M\u00f6lln eine Vielzahl von Verbesserungsm\u00f6glichkeiten aber auch -Notwendigkeiten. Da zum Teil einige &#8222;Baustellen&#8220; schon seit Jahren bestehen, ohne Aussicht auf konkrete Fortschritte, m\u00f6chte ich diese endlich anpacken. Deshalb lautet auch der Slogan meines Wahlprogramms: Mehr drin f\u00fcr M\u00f6lln.<\/p>\n<p class=\"rtejustify\">Ich bin davon \u00fcberzeugt: Es ist Zeit f\u00fcr frischen Wind in M\u00f6lln! Aus dieser \u00dcberzeugung und der Verbundenheit mit meiner Heimstadt heraus, m\u00f6chte ich mich dieser Herausforderung stellen.<\/p>\n<p class=\"rtejustify\">Knappe Kassen \/ Fl\u00fcchtlingskrise: Das M\u00f6lln nicht auf &#8222;Rosen gebettet&#8220; ist, ist kein Geheimnis und schon gar nichts Neues. Damit steht M\u00f6lln nicht allein da. \u00c4nderbar ist aber die Tatsache, dass M\u00f6lln 6 Jahre nach Umstellung des Haushaltswesens von Kameralistik auf Doppik immer noch nicht seine Jahresabschl\u00fcsse auf Stand gebracht hat. Bis heute liegen lediglich die Abschl\u00fcsse bis 2012 vor. Das ist fatal, denn die eigentliche Grundidee der Umstellung, R\u00fcckschl\u00fcsse aus den Abschl\u00fcssen f\u00fcr die Planungen der Folgejahre zu ziehen, konnte bislang noch nicht erreicht werde. Und so hatten alle drei Haushaltsentw\u00fcrfe (2010-12) gemein, dass sie deutlich schlechtere Zahlen auswiesen, als die tats\u00e4chlichen Abschl\u00fcsse, die erst 2014, bzw. 2015 vorlagen. Die Haushaltsentw\u00fcrfe \/ -Planungen sind aber Basis f\u00fcr politische Entscheidungen &#8211; z.B. ob Zusch\u00fcsse Vereine, Organisationen gew\u00e4hrt werden oder aber Ma\u00dfnahmen, wie z.B. das Sporthallendach saniert wird in Angriff genommen. Ist die Erwartung ( Jahresplanung) negativ, fallen Zusch\u00fcsse etc. weg. Die Devise lautet erwartungsgem\u00e4\u00df: Wir m\u00fcssen sparen! Doppelt \u00e4rgerlich, wenn sich im Nachgang herausstellt, dass der Abschluss gar nicht so schlecht war. Ich bin davon \u00fcberzeugt, wenn wir hier kr\u00e4ftig aufholen und unsere Abschl\u00fcsse auf Stand bringen, profitiert davon gerade der ehrenamtliche Bereich, aber auch Schulen, Projekt etc.: Es geht voran mit M\u00f6lln! In M\u00f6lln gibt es eine Vielzahl von spannenden Projekten, eine Vielzahl von engagierten Ehrenamtlern. Sie zu unterst\u00fctzen, ist mir ein gro\u00dfes Anliegen, gerade weil ich selbst mich in diesen Bereichen seit Jahren engagiere.<\/p>\n<p class=\"rtejustify\">Die von Ihnen angesprochen Fl\u00fcchtlingskrise ist in der Tat eine gro\u00dfe Herausforderung f\u00fcr unser gesamtes Land, besonders aber auch f\u00fcr die Kommunen vor Ort. Aktuell hat sich vor Ort die Situation etwas entspannt, auch wenn ich davon \u00fcberzeugt bin, dass es uns aktuell nur erm\u00f6glicht,Vorplanungen zu unternehmen und &#8222;etwas Luft zu holen&#8220;. Was die Unterbringung der Fl\u00fcchtlinge angeht, sind wir in M\u00f6lln gut vorbereitet. Die eigentliche Herausforderung sehe ich aber in einer gelungenen gesellschaftlichen Integration. Das ist ein weiter Weg, der als Daueraufgabe zu betrachten ist und auch Teil meiner T\u00e4tigkeit sein wird. Zweifellos keine leichte, aber auch darin sehe ich den Reiz des Amtes, sich stets neuen Herausforderungen zu stellen.<\/p>\n<p><em><strong>Hz direkt: Warum sind Sie am 28. Februar die bessere Wahl f\u00fcr M\u00f6lln?<\/strong><\/em><\/p>\n<p><strong>Reimann:<\/strong> Ich bin davon \u00fcberzeugt, dass ich das komplettere R\u00fcstzeug f\u00fcr das Amt der B\u00fcrgermeisterin mitbringe. Als Volljuristin verf\u00fcge ich \u00fcber ein fundiertes Wissen im Bereich \u00f6ffentliches Recht \/ Verwaltung. Dar\u00fcber hinaus habe durch meine berufliche T\u00e4tigkeit, besonders aber auch durch meine verschiedenen Ehren\u00e4mter (1. Vorsitzende MSV, Stadtvertreterin und Kreistagsabgeordnete) einen tiefen Einblick in die kommunalpolitischen Zusammenh\u00e4nge unserer Stadt, sodass ich ein &#8222;warm-Up&#8220; nicht brauche, sondern am 01.06. sofort loslegen kann. Diese vielf\u00e4ltigen Erfahrungen aus unterschiedlichen Bereichen sehe ich geradezu als optimale Voraussetzungen, um die Verwaltung als b\u00fcrgernaher Dienstleister weiterzuentwickeln. Denn Eines ist doch klar: Das Zusammenspiel zwischen Verwaltung und B\u00fcrgern beziehungsweise dem politischen Ehrenamt ist entscheidend, wie und mitunter auch wie schnell sich etwas in M\u00f6lln fortentwickelt. Von Vorteil sehe ich es auch, dass ich auf Grund meiner T\u00e4tigkeit als selbst\u00e4ndige Rechtsanw\u00e4ltin es gewohnt bin, ergebnisorientiert zu arbeiten und gleichsam mein Wirken auch in puncto Wirtschaftlichkeit zu hinterfragen.<\/p>\n<p><em><strong>Hz direkt: Als B\u00fcrgermeisterin sind Sie in erster Linie Verwaltungschefin und ausf\u00fchrendes Organ der Stadtvertretung. Wo beziehungsweise wie gro\u00df sehen Sie die eigenen Gestaltsfreir\u00e4ume?<\/strong><\/em><\/p>\n<p><strong>Reimann:<\/strong> Zu den wesentlichen Aufgaben der B\u00fcrgermeisterin z\u00e4hlt &#8211; nat\u00fcrlich nicht allein, sondern in Abstimmung mit den zust\u00e4ndigen Fachbereichen- die Vorbereitung der Fachaussch\u00fcsse und Ausf\u00fchrung der in den Aussch\u00fcssen und der Stadtvertretung gefassten Beschl\u00fcsse. Ich kann also bereits bei den Beschlussvorlagen Einfluss nehmen. Das ist mir auch wichtig, denn, wenn Vorlagen eine gute Qualit\u00e4t aufweisen, bilden sie eine fundierte Entscheidungsgrundlage und es k\u00f6nnen politische Entscheidungen schneller getroffen werden. Genau da gilt es als B\u00fcrgermeisterin aktiver zu werden, aktiv auf alle Fraktionen zuzugehen und Impulse zu setzen. Dann geht es gut voran in M\u00f6lln!<\/p>\n<p><em><strong>Hz direkt: Was sehen Sie als das jeweils dr\u00e4ngendste Problem in M\u00f6lln an, das Sie im Falle Ihrer Wahl zur B\u00fcrgermeisterin a) kurzfristig und b) innerhalb der Amtszeit l\u00f6sen wollen?<\/strong><\/em><\/p>\n<p><strong>Reimann:<\/strong> a) kurzfristige L\u00f6sung aa) Unseren Haushalt auf Stand bringen (aktuell 2012). Das k\u00f6nnen wir bis Ende 2017 hinbekommen. Wichtig, damit gerade unser Ehrenamt mit Zusch\u00fcssen angemessen unterst\u00fctzen k\u00f6nnen.<\/p>\n<p class=\"rtejustify\">bb) Parksituation: Einf\u00fchrung der sog. Br\u00f6tchentaste ( 30 min. anlass- unabh\u00e4ngiges kostenloses Parken), um Kurzparker aus der Hauptstra\u00dfe zu bekommen aber gleichzeitig B\u00fcrger zu motivieren f\u00fcr Kurzbesorgungen in die Stadt zu fahren Wiedereinf\u00fchrung: kostenloses Parken auf dem Parkplatz Ziegelsee &#8211; Parkplatz ist seit der Bewirtschaftung schlecht frequentiert<\/p>\n<p class=\"rtejustify\">cc) Projekt Stadtteilzentrum Waldstadt anschieben: Die Kreissparkasse schlie\u00dft im Sommer; da die Lage einmalig ist, sollte der Standort nicht ungepr\u00fcft bleiben dd.) Einf\u00fchrung einer zentralen Kita-Datenbank (online ist f\u00fcr jeden sichtbar, wo freie Kita-&amp; Hortpl\u00e4tze sind)<\/p>\n<p class=\"rtejustify\">B.) L\u00f6sung innerhalb der Amtszeit<\/p>\n<p class=\"rtejustify\">a.) Verbesserung der Aufenthaltsqualit\u00e4t in der Hauptstra\u00dfe &#8211; weniger Durchgangsverkehr, breitere Gehwege, Barrierearmut, Parken in der Hauptstra\u00dfe (Bereich Landau\/ M\u00f6llner Grill) nur noch Sonderparkpl\u00e4tze f\u00fcr Menschen mit Behinderung oder Taxen.<\/p>\n<p class=\"rtejustify\">b.) Neugestaltung des Parkraumes im Bereich Kurparkplatz\/ M\u00fchlenplatz. Erweiterung der Kapazit\u00e4ten<\/p>\n<p class=\"rtejustify\">b.) Erarbeitung und Umsetzung eines Leerstandskonzeptes (in Abstimmung mit den Eigent\u00fcmern)mit Online-Katalogisierung und Existenzgr\u00fcnderpaket, damit auch Nichtm\u00f6llner auf die Idee kommen, ein Gesch\u00e4ft, eine Gastronomie in M\u00f6lln zu er\u00f6ffnen.<\/p>\n<p class=\"rtejustify\">c.) Erweiterung des B\u00fcrgerserviceb\u00fcros &#8211; Angleichung der \u00d6ffnungszeiten an die Laden\u00f6ffnungszeiten in der Innenstadt<\/p>\n<p><em><strong>Hz direkt: Warum sollten die M\u00f6llner am 28. Februar w\u00e4hlen gehen?<\/strong><\/em><\/p>\n<p><strong>Reimann:<\/strong> Die B\u00fcrgerinnen und B\u00fcrger haben mit der B\u00fcrgermeister-Direktwahl die M\u00f6glichkeit, unmittelbar Einfluss zu nehmen, wer die Geschicke in M\u00f6lln in den n\u00e4chsten sechs Jahren lenkt. Diese Chance sollten sie nutzen. Deshalb mein Appell an alle Wahlberechtigten: Gehen Sie w\u00e4hlen!<\/p>\n<p class=\"rtejustify\">Weitere Information rund um Anja Reimann sowie ihr Wahlprogramm finden Sie unter <a href=\"http:\/\/www.anja-reimann.de\/\" target=\"_blank\" rel=\"noopener\">www.anja-reimann.de\/<\/a><\/p>\n<p class=\"rtejustify\"><a href=\"https:\/\/herzogtum-direkt.de\/index.php\/2016\/02\/26\/buergermeisterwahl-2016-in-moelln-interview-mit-jan-wiegels\/\" target=\"_blank\" rel=\"noopener\"><u>Hier<\/u> geht es zum Interview mit Jan Wiegels.<\/a><\/p>\n<\/div>\n","protected":false},"excerpt":{"rendered":"<p>Herzogtum direkt: Frau Reimann, als Vorsitzende der M\u00f6llner Sportvereinigung, Mitglieder der Stadtvertretung, Rechtsanw\u00e4ltin mit eigener Kanzlei und Mutter zweier Kinder d\u00fcrfte Sie in der Vergangenheit bereits gut ausgelastet gewesen sein. Der Job als B\u00fcrgermeisterin wird vermutlich noch mehr Einsatz fordern. Was reizt Sie an dieser Aufgabe? Gerade in Zeiten leerer Kassen und einer immer noch [&hellip;]<\/p>\n","protected":false},"author":6,"featured_media":10727,"comment_status":"open","ping_status":"closed","sticky":false,"template":"","format":"standard","meta":{"jnews-multi-image_gallery":[],"jnews_single_post":[],"jnews_primary_category":[],"jnews_social_meta":[],"jnews_override_counter":[],"jnews_post_split":[],"footnotes":""},"categories":[63,66],"tags":[1907],"class_list":["post-10726","post","type-post","status-publish","format-standard","has-post-thumbnail","hentry","category-herzogtum-lauenburg","category-moelln","tag-buergermeisterwahl-moelln"],"_links":{"self":[{"href":"https:\/\/herzogtum-direkt.de\/index.php\/wp-json\/wp\/v2\/posts\/10726","targetHints":{"allow":["GET"]}}],"collection":[{"href":"https:\/\/herzogtum-direkt.de\/index.php\/wp-json\/wp\/v2\/posts"}],"about":[{"href":"https:\/\/herzogtum-direkt.de\/index.php\/wp-json\/wp\/v2\/types\/post"}],"author":[{"embeddable":true,"href":"https:\/\/herzogtum-direkt.de\/index.php\/wp-json\/wp\/v2\/users\/6"}],"replies":[{"embeddable":true,"href":"https:\/\/herzogtum-direkt.de\/index.php\/wp-json\/wp\/v2\/comments?post=10726"}],"version-history":[{"count":2,"href":"https:\/\/herzogtum-direkt.de\/index.php\/wp-json\/wp\/v2\/posts\/10726\/revisions"}],"predecessor-version":[{"id":10732,"href":"https:\/\/herzogtum-direkt.de\/index.php\/wp-json\/wp\/v2\/posts\/10726\/revisions\/10732"}],"wp:featuredmedia":[{"embeddable":true,"href":"https:\/\/herzogtum-direkt.de\/index.php\/wp-json\/wp\/v2\/media\/10727"}],"wp:attachment":[{"href":"https:\/\/herzogtum-direkt.de\/index.php\/wp-json\/wp\/v2\/media?parent=10726"}],"wp:term":[{"taxonomy":"category","embeddable":true,"href":"https:\/\/herzogtum-direkt.de\/index.php\/wp-json\/wp\/v2\/categories?post=10726"},{"taxonomy":"post_tag","embeddable":true,"href":"https:\/\/herzogtum-direkt.de\/index.php\/wp-json\/wp\/v2\/tags?post=10726"}],"curies":[{"name":"wp","href":"https:\/\/api.w.org\/{rel}","templated":true}]}}