{"id":10316,"date":"2019-01-03T10:48:19","date_gmt":"2019-01-03T09:48:19","guid":{"rendered":"https:\/\/herzogtum-direkt.de\/?p=10316"},"modified":"2019-01-03T10:48:19","modified_gmt":"2019-01-03T09:48:19","slug":"maennergruppe-legt-los","status":"publish","type":"post","link":"https:\/\/herzogtum-direkt.de\/index.php\/2019\/01\/03\/maennergruppe-legt-los\/","title":{"rendered":"M\u00e4nnergruppe legt los"},"content":{"rendered":"<p><strong>Berkenthin (pm).<\/strong> Die neu gegr\u00fcndete M\u00e4nnergruppe Berkenthin startet mit ersten gemeinsamen Aktivit\u00e4ten ins neue Jahr. Los geht\u2019s mit einem Vortrag \u00fcber den Sternenhimmel, den Hobbyastronom Frank Szemkus am Mittwoch, 16. Januar 2019, um 200 Uhr im Sitzungsraum der Gemeinde im Sportzentrum Berkenthin halten wird.<\/p>\n<p>Frank Szemkus leitet seit Jahren einen Astronomiekurs an der VHS Berkenthin, aus dem inzwischen der feste Kreis der \u201eStecknitz-Astronomen\u201c hervorgegangen ist. Er wird einen Einblick in die atemberaubenden Dimensionen des Universums geben und in dem Zusammenhang grundlegende Fragen unseres Daseins ansprechen. Neumitglieder sind, auch ohne vorherige Anmeldung, jederzeit willkommenen.<\/p>\n<p>Weiter geht es dann am Mittwoch, 13. Februar, mit einer F\u00fchrung durch das \u201eFabLab\u201c L\u00fcbeck. Das \u201eFabLab\u201c ist eine offene High-Tech-Werkstatt, die allen Interessenten Zugang zu Werkzeugen wie 3D Drucker, Lasercutter, CNC Fr\u00e4se und CNC Drehmaschine bietet. Als Teil der internationalen \u201eFabLab\u201c Gemeinschaft bietet das Werkstatteam \u00fcberdies kompakte Einf\u00fchrungskurse an, die euch einen intuitiven und schnellen Einstieg in die Nutzung der Maschinen erm\u00f6glicht. Beginn der F\u00fchrung ist um 19 Uhr. Fahrgemeinschaften ab Berkenthin sind m\u00f6glich.<\/p>\n<p>Am Mittwoch, dem 13. M\u00e4rz 2019 trifft sich die Gruppe dann um 17 Uhr zu einer F\u00fchrung durch die Berkenthiner Kirche inklusive Turm und Gew\u00f6lbebesteigung unter Leitung von Raymond Ahlborn. Anschlie\u00dfend ist ein gemeinsames Essen geplant. Hier wie auch bei den anderen Gelegenheiten gibt aber auch immer wieder viel Raum und Zeit f\u00fcr pers\u00f6nliche Gespr\u00e4che. Interessierte und Neugierige sind uns jederzeit willkommen, auch ohne Anmeldung und weitere Verpflichtung.<\/p>\n<p>F\u00fcr Nachfragen und Informationen steht der Kulturausschuss Berkenthin per Email an <a href=\"mailto:kultur@berkenthin.de\">kultur@berkenthin.de<\/a> oder unter der Telefonnummer 04544-1279 (Volker Peters) jederzeit zur Verf\u00fcgung.<\/p>\n","protected":false},"excerpt":{"rendered":"<p>Berkenthin (pm). Die neu gegr\u00fcndete M\u00e4nnergruppe Berkenthin startet mit ersten gemeinsamen Aktivit\u00e4ten ins neue Jahr. Los geht\u2019s mit einem Vortrag \u00fcber den Sternenhimmel, den Hobbyastronom Frank Szemkus am Mittwoch, 16. Januar 2019, um 200 Uhr im Sitzungsraum der Gemeinde im Sportzentrum Berkenthin halten wird. Frank Szemkus leitet seit Jahren einen Astronomiekurs an der VHS Berkenthin, [&hellip;]<\/p>\n","protected":false},"author":2,"featured_media":1186,"comment_status":"open","ping_status":"closed","sticky":false,"template":"","format":"standard","meta":{"jnews-multi-image_gallery":[],"jnews_single_post":[],"jnews_primary_category":[],"jnews_social_meta":[],"jnews_override_counter":[],"jnews_post_split":[],"footnotes":""},"categories":[65,63],"tags":[678,118],"class_list":["post-10316","post","type-post","status-publish","format-standard","has-post-thumbnail","hentry","category-amt-berkenthin","category-herzogtum-lauenburg","tag-amt-berkenthin","tag-berkenthin"],"_links":{"self":[{"href":"https:\/\/herzogtum-direkt.de\/index.php\/wp-json\/wp\/v2\/posts\/10316","targetHints":{"allow":["GET"]}}],"collection":[{"href":"https:\/\/herzogtum-direkt.de\/index.php\/wp-json\/wp\/v2\/posts"}],"about":[{"href":"https:\/\/herzogtum-direkt.de\/index.php\/wp-json\/wp\/v2\/types\/post"}],"author":[{"embeddable":true,"href":"https:\/\/herzogtum-direkt.de\/index.php\/wp-json\/wp\/v2\/users\/2"}],"replies":[{"embeddable":true,"href":"https:\/\/herzogtum-direkt.de\/index.php\/wp-json\/wp\/v2\/comments?post=10316"}],"version-history":[{"count":1,"href":"https:\/\/herzogtum-direkt.de\/index.php\/wp-json\/wp\/v2\/posts\/10316\/revisions"}],"predecessor-version":[{"id":10317,"href":"https:\/\/herzogtum-direkt.de\/index.php\/wp-json\/wp\/v2\/posts\/10316\/revisions\/10317"}],"wp:featuredmedia":[{"embeddable":true,"href":"https:\/\/herzogtum-direkt.de\/index.php\/wp-json\/wp\/v2\/media\/1186"}],"wp:attachment":[{"href":"https:\/\/herzogtum-direkt.de\/index.php\/wp-json\/wp\/v2\/media?parent=10316"}],"wp:term":[{"taxonomy":"category","embeddable":true,"href":"https:\/\/herzogtum-direkt.de\/index.php\/wp-json\/wp\/v2\/categories?post=10316"},{"taxonomy":"post_tag","embeddable":true,"href":"https:\/\/herzogtum-direkt.de\/index.php\/wp-json\/wp\/v2\/tags?post=10316"}],"curies":[{"name":"wp","href":"https:\/\/api.w.org\/{rel}","templated":true}]}}