{"id":10021,"date":"2018-12-22T10:40:12","date_gmt":"2018-12-22T09:40:12","guid":{"rendered":"https:\/\/herzogtum-direkt.de\/?p=10021"},"modified":"2018-12-22T10:40:12","modified_gmt":"2018-12-22T09:40:12","slug":"mein-start-up-2019","status":"publish","type":"post","link":"https:\/\/herzogtum-direkt.de\/index.php\/2018\/12\/22\/mein-start-up-2019\/","title":{"rendered":"Mein START UP 2019"},"content":{"rendered":"<figure id=\"attachment_10022\" aria-describedby=\"caption-attachment-10022\" style=\"width: 325px\" class=\"wp-caption alignleft\"><a href=\"https:\/\/herzogtum-direkt.de\/wp-content\/uploads\/2018\/12\/018-Jenner_Hansen.jpg\"><img fetchpriority=\"high\" decoding=\"async\" class=\" wp-image-10022\" src=\"https:\/\/herzogtum-direkt.de\/wp-content\/uploads\/2018\/12\/018-Jenner_Hansen-247x300.jpg\" alt=\"\" width=\"325\" height=\"395\" srcset=\"https:\/\/herzogtum-direkt.de\/wp-content\/uploads\/2018\/12\/018-Jenner_Hansen-247x300.jpg 247w, https:\/\/herzogtum-direkt.de\/wp-content\/uploads\/2018\/12\/018-Jenner_Hansen-346x420.jpg 346w, https:\/\/herzogtum-direkt.de\/wp-content\/uploads\/2018\/12\/018-Jenner_Hansen.jpg 500w\" sizes=\"(max-width: 325px) 100vw, 325px\" \/><\/a><figcaption id=\"caption-attachment-10022\" class=\"wp-caption-text\">Sandra Hansen (Frau &amp; Beruf) und die M\u00f6llner Gleichstellungsbeauftragte Edelgard Jenner (re.).<\/figcaption><\/figure>\n<p><strong>M\u00f6lln (pm).<\/strong> Der besondere Workshop &#8222;Mein START UP 2019 &#8220; wird am Jahresanfang veranstaltet von FRAU &amp; BERUF in Kooperation mit der M\u00f6llner Gleichstellungsbeauftragten Edelgard Jenner. Frauen sind eingeladen, in diesem Workshop an ihren Ressourcen zu arbeiten und sich ganz neu ihrer St\u00e4rken bewusst zu werden.<\/p>\n<p>Ziel ist eine neue Ausrichtung und Klarheit, mit der Sie im weiteren beruflichen Kontext sicher und selbstbewusst eigene, neue Schritte w\u00e4hlen und gehen k\u00f6nnen. Um dies zu erreichen, erhalten Sie nach dem Workshop ein individuelles, kostenfreies Einzel-Coaching. Im gemeinsamen Gespr\u00e4ch werden hier die Ergebnisse des Workshops besprochen und vertieft und wichtige Schritte f\u00fcr eine berufliche Umsetzung erarbeitet.\u00a0 Diese Coaching-Termine werden dann individuell vereinbart.<\/p>\n<p>Die Beraterin von FRAU &amp; BERUF Sandra Hansen freut sich auf Ihre Anmeldungen f\u00fcr den Workshop per Telefon: 0160 2405022 oder per Email an <a href=\"mailto:sandra.hansen@faw.de\">sandra.hansen@faw.de<\/a><\/p>\n<p>Der Workshop ist kostenfrei und eine Veranstaltung der FAW gGmbH &#8211; Fortbildungsakademie L\u00fcbeck im Rahmen des Projektes FRAU &amp; BERUF. Das Projekt wird gef\u00f6rdert durch die Europ\u00e4ische Union, den Europ\u00e4ischen Sozialfond (ESF) und das Land Schleswig-Holstein.<\/p>\n<p>Der Workshop beginnt am Mittwoch, 9. Januar 2019, von 9 bis 12.30 Uhr im Stadthaus M\u00f6lln, Wasserkr\u00fcger Weg 16, Raum 214.<\/p>\n","protected":false},"excerpt":{"rendered":"<p>M\u00f6lln (pm). Der besondere Workshop &#8222;Mein START UP 2019 &#8220; wird am Jahresanfang veranstaltet von FRAU &amp; BERUF in Kooperation mit der M\u00f6llner Gleichstellungsbeauftragten Edelgard Jenner. Frauen sind eingeladen, in diesem Workshop an ihren Ressourcen zu arbeiten und sich ganz neu ihrer St\u00e4rken bewusst zu werden. Ziel ist eine neue Ausrichtung und Klarheit, mit der [&hellip;]<\/p>\n","protected":false},"author":2,"featured_media":10022,"comment_status":"open","ping_status":"closed","sticky":false,"template":"","format":"standard","meta":{"jnews-multi-image_gallery":[],"jnews_single_post":[],"jnews_primary_category":[],"jnews_social_meta":[],"jnews_override_counter":[],"jnews_post_split":[],"footnotes":""},"categories":[95,72],"tags":[841,1845],"class_list":["post-10021","post","type-post","status-publish","format-standard","has-post-thumbnail","hentry","category-aus-der-region","category-wirtschaft","tag-frau-beruf","tag-start-up"],"_links":{"self":[{"href":"https:\/\/herzogtum-direkt.de\/index.php\/wp-json\/wp\/v2\/posts\/10021","targetHints":{"allow":["GET"]}}],"collection":[{"href":"https:\/\/herzogtum-direkt.de\/index.php\/wp-json\/wp\/v2\/posts"}],"about":[{"href":"https:\/\/herzogtum-direkt.de\/index.php\/wp-json\/wp\/v2\/types\/post"}],"author":[{"embeddable":true,"href":"https:\/\/herzogtum-direkt.de\/index.php\/wp-json\/wp\/v2\/users\/2"}],"replies":[{"embeddable":true,"href":"https:\/\/herzogtum-direkt.de\/index.php\/wp-json\/wp\/v2\/comments?post=10021"}],"version-history":[{"count":1,"href":"https:\/\/herzogtum-direkt.de\/index.php\/wp-json\/wp\/v2\/posts\/10021\/revisions"}],"predecessor-version":[{"id":10023,"href":"https:\/\/herzogtum-direkt.de\/index.php\/wp-json\/wp\/v2\/posts\/10021\/revisions\/10023"}],"wp:featuredmedia":[{"embeddable":true,"href":"https:\/\/herzogtum-direkt.de\/index.php\/wp-json\/wp\/v2\/media\/10022"}],"wp:attachment":[{"href":"https:\/\/herzogtum-direkt.de\/index.php\/wp-json\/wp\/v2\/media?parent=10021"}],"wp:term":[{"taxonomy":"category","embeddable":true,"href":"https:\/\/herzogtum-direkt.de\/index.php\/wp-json\/wp\/v2\/categories?post=10021"},{"taxonomy":"post_tag","embeddable":true,"href":"https:\/\/herzogtum-direkt.de\/index.php\/wp-json\/wp\/v2\/tags?post=10021"}],"curies":[{"name":"wp","href":"https:\/\/api.w.org\/{rel}","templated":true}]}}